{"id":530,"date":"2025-09-27T20:09:23","date_gmt":"2025-09-27T17:09:23","guid":{"rendered":"https:\/\/diplomatica.tr\/?p=530"},"modified":"2025-10-07T17:26:03","modified_gmt":"2025-10-07T14:26:03","slug":"moldova-secime-gidiyor","status":"publish","type":"post","link":"https:\/\/diplomatica.tr\/?p=530","title":{"rendered":"Moldova se\u00e7ime gidiyor"},"content":{"rendered":"\n<figure class=\"wp-block-image size-full\"><img loading=\"lazy\" decoding=\"async\" width=\"849\" height=\"478\" src=\"https:\/\/diplomatica.tr\/wp-content\/uploads\/2025\/09\/vote-moldova.jpg\" alt=\"\" class=\"wp-image-533\" srcset=\"https:\/\/diplomatica.tr\/wp-content\/uploads\/2025\/09\/vote-moldova.jpg 849w, https:\/\/diplomatica.tr\/wp-content\/uploads\/2025\/09\/vote-moldova-300x169.jpg 300w, https:\/\/diplomatica.tr\/wp-content\/uploads\/2025\/09\/vote-moldova-768x432.jpg 768w\" sizes=\"auto, (max-width: 849px) 100vw, 849px\" \/><\/figure>\n\n\n\n<p>Moldova 28 Eyl\u00fcl g\u00fcn\u00fc yap\u0131lacak se\u00e7imlere haz\u0131rlan\u0131rken \u00fclke, Avrupa Birli\u011fi ile b\u00fct\u00fcnle\u015fme hedefi ile Rusya\u2019n\u0131n yeniden artan etkisi aras\u0131nda s\u0131k\u0131\u015fm\u0131\u015f durumda. <\/p>\n\n\n\n<p>Yar\u0131\u015f, Cumhurba\u015fkan\u0131 Maia Sandu\u2019nun Bat\u0131 yanl\u0131s\u0131 Eylem ve Dayan\u0131\u015fma Partisi (PAS) ile eski cumhurba\u015fkan\u0131 Igor Dodon\u2019un \u00f6ne \u00e7\u0131kt\u0131\u011f\u0131 Rusya yanl\u0131s\u0131 Vatansever Se\u00e7im Blo\u011fu aras\u0131nda ge\u00e7iyor.<\/p>\n\n\n\n<p>\u00dclkede toplumsal ayr\u0131\u015fmalar\u0131n ya\u015fand\u0131\u011f\u0131 g\u00f6r\u00fcl\u00fcyor. Ba\u015fkent Ki\u015finev ve merkez b\u00f6lgeler Avrupa yanl\u0131s\u0131 bir \u00e7izgi izlerken, \u00f6zellikle Gagauzia ve Transdinyester gibi b\u00f6lgelerde Rusya\u2019ya sempati y\u00fcksek. <\/p>\n\n\n\n<p>Bu nedenle se\u00e7im, Bat\u0131 ile Moskova aras\u0131ndaki \u00e7eki\u015fmenin yeni bir s\u0131nav\u0131 olarak g\u00f6r\u00fcl\u00fcyor.<\/p>\n","protected":false},"excerpt":{"rendered":"<p>Moldova 28 Eyl\u00fcl g\u00fcn\u00fc yap\u0131lacak se\u00e7imlere haz\u0131rlan\u0131rken \u00fclke, Avrupa Birli\u011fi ile b\u00fct\u00fcnle\u015fme hedefi ile Rusya\u2019n\u0131n yeniden artan etkisi<\/p>\n","protected":false},"author":1,"featured_media":0,"comment_status":"open","ping_status":"open","sticky":false,"template":"","format":"standard","meta":{"footnotes":""},"categories":[1],"tags":[85,83,84],"class_list":["post-530","post","type-post","status-publish","format-standard","hentry","category-siyaset","tag-election","tag-moldova","tag-secim"],"_links":{"self":[{"href":"https:\/\/diplomatica.tr\/index.php?rest_route=\/wp\/v2\/posts\/530","targetHints":{"allow":["GET"]}}],"collection":[{"href":"https:\/\/diplomatica.tr\/index.php?rest_route=\/wp\/v2\/posts"}],"about":[{"href":"https:\/\/diplomatica.tr\/index.php?rest_route=\/wp\/v2\/types\/post"}],"author":[{"embeddable":true,"href":"https:\/\/diplomatica.tr\/index.php?rest_route=\/wp\/v2\/users\/1"}],"replies":[{"embeddable":true,"href":"https:\/\/diplomatica.tr\/index.php?rest_route=%2Fwp%2Fv2%2Fcomments&post=530"}],"version-history":[{"count":2,"href":"https:\/\/diplomatica.tr\/index.php?rest_route=\/wp\/v2\/posts\/530\/revisions"}],"predecessor-version":[{"id":537,"href":"https:\/\/diplomatica.tr\/index.php?rest_route=\/wp\/v2\/posts\/530\/revisions\/537"}],"wp:attachment":[{"href":"https:\/\/diplomatica.tr\/index.php?rest_route=%2Fwp%2Fv2%2Fmedia&parent=530"}],"wp:term":[{"taxonomy":"category","embeddable":true,"href":"https:\/\/diplomatica.tr\/index.php?rest_route=%2Fwp%2Fv2%2Fcategories&post=530"},{"taxonomy":"post_tag","embeddable":true,"href":"https:\/\/diplomatica.tr\/index.php?rest_route=%2Fwp%2Fv2%2Ftags&post=530"}],"curies":[{"name":"wp","href":"https:\/\/api.w.org\/{rel}","templated":true}]}}