{"id":520,"date":"2025-09-26T17:26:33","date_gmt":"2025-09-26T14:26:33","guid":{"rendered":"https:\/\/diplomatica.tr\/?p=520"},"modified":"2025-10-07T17:25:20","modified_gmt":"2025-10-07T14:25:20","slug":"turkiye-bu-yildan-itibaren-2045-yilina-kadar-abd-dogalgazini-kullanma-karari-aldi","status":"publish","type":"post","link":"https:\/\/diplomatica.tr\/?p=520","title":{"rendered":"T\u00fcrkiye, bu y\u0131ldan itibaren 2045 y\u0131l\u0131na kadar ABD do\u011falgaz\u0131n\u0131 kullanma\u00a0karar\u0131\u00a0ald\u0131!"},"content":{"rendered":"\n<figure class=\"wp-block-image size-large is-resized\"><img loading=\"lazy\" decoding=\"async\" width=\"1024\" height=\"1024\" src=\"https:\/\/diplomatica.tr\/wp-content\/uploads\/2025\/09\/G1te4xpX0AAnhBI-1-1024x1024.jpg\" alt=\"\" class=\"wp-image-526\" style=\"width:523px;height:auto\" srcset=\"https:\/\/diplomatica.tr\/wp-content\/uploads\/2025\/09\/G1te4xpX0AAnhBI-1-1024x1024.jpg 1024w, https:\/\/diplomatica.tr\/wp-content\/uploads\/2025\/09\/G1te4xpX0AAnhBI-1-300x300.jpg 300w, https:\/\/diplomatica.tr\/wp-content\/uploads\/2025\/09\/G1te4xpX0AAnhBI-1-150x150.jpg 150w, https:\/\/diplomatica.tr\/wp-content\/uploads\/2025\/09\/G1te4xpX0AAnhBI-1-768x768.jpg 768w, https:\/\/diplomatica.tr\/wp-content\/uploads\/2025\/09\/G1te4xpX0AAnhBI-1-1536x1536.jpg 1536w, https:\/\/diplomatica.tr\/wp-content\/uploads\/2025\/09\/G1te4xpX0AAnhBI-1.jpg 1638w\" sizes=\"auto, (max-width: 1024px) 100vw, 1024px\" \/><\/figure>\n\n\n\n<p>T\u00fcrkiye, enerji tedarikinde kaynak \u00e7e\u015fitlili\u011fini art\u0131rmak amac\u0131yla Amerika Birle\u015fik Devletleri ile uzun vadeli do\u011falgaz anla\u015fmas\u0131 imzalad\u0131. Anla\u015fmaya g\u00f6re T\u00fcrkiye 2026\u2019dan itibaren ABD\u2019den s\u0131v\u0131la\u015ft\u0131r\u0131lm\u0131\u015f do\u011falgaz (LNG) almaya ba\u015flayacak ve bu ithalat 2045\u2019e kadar s\u00fcrecek.<\/p>\n\n\n\n<h3 class=\"wp-block-heading\">BU KI\u015eTAN \u0130T\u0130BAREN KULLANILACAK<\/h3>\n\n\n\n<p>Bakan Bayraktar\u2019\u0131n a\u00e7\u0131klamas\u0131na g\u00f6re ABD\u2019den sa\u011flanacak LNG, bu k\u0131\u015ftan itibaren T\u00fcrkiye\u2019de kullan\u0131lmaya ba\u015flanacak. Enerji arz\u0131nda \u00e7e\u015fitlilik sa\u011flayacak bu ad\u0131m\u0131n, hem fiyat rekabeti hem de uzun vadeli planlama a\u00e7\u0131s\u0131ndan b\u00fcy\u00fck avantaj getirece\u011fi belirtiliyor.<\/p>\n\n\n\n<h3 class=\"wp-block-heading\">\u201cARZ G\u00dcVENL\u0130\u011e\u0130M\u0130ZE KATKI SA\u011eLAYACAK\u201d<\/h3>\n\n\n\n<p>Bakan Bayraktar, anla\u015fman\u0131n \u00f6nemine dikkat \u00e7ekerek \u015fu ifadeleri kulland\u0131:<\/p>\n\n\n\n<p>LNG konusunda arz g\u00fcvenli\u011fimize katk\u0131 yapacak. \u00c7ok rekabet\u00e7i fiyatlarla uzun d\u00f6nemli yapt\u0131\u011f\u0131m\u0131z bu anla\u015fmalar, enerjide merkez \u00fclke hedefimizi g\u00fc\u00e7lendirecek. Ayn\u0131 zamanda b\u00f6lgemizin enerji arz g\u00fcvenli\u011fine de destek olaca\u011f\u0131z.\u201d<\/p>\n","protected":false},"excerpt":{"rendered":"<p>T\u00fcrkiye, enerji tedarikinde kaynak \u00e7e\u015fitlili\u011fini art\u0131rmak amac\u0131yla Amerika Birle\u015fik Devletleri ile uzun vadeli do\u011falgaz anla\u015fmas\u0131 imzalad\u0131. Anla\u015fmaya g\u00f6re<\/p>\n","protected":false},"author":1,"featured_media":0,"comment_status":"open","ping_status":"open","sticky":false,"template":"","format":"standard","meta":{"footnotes":""},"categories":[1],"tags":[76,80,81,79,78,13,77],"class_list":["post-520","post","type-post","status-publish","format-standard","hentry","category-siyaset","tag-abd","tag-erdogan","tag-lng","tag-trump","tag-turkey","tag-turkiye","tag-usa"],"_links":{"self":[{"href":"https:\/\/diplomatica.tr\/index.php?rest_route=\/wp\/v2\/posts\/520","targetHints":{"allow":["GET"]}}],"collection":[{"href":"https:\/\/diplomatica.tr\/index.php?rest_route=\/wp\/v2\/posts"}],"about":[{"href":"https:\/\/diplomatica.tr\/index.php?rest_route=\/wp\/v2\/types\/post"}],"author":[{"embeddable":true,"href":"https:\/\/diplomatica.tr\/index.php?rest_route=\/wp\/v2\/users\/1"}],"replies":[{"embeddable":true,"href":"https:\/\/diplomatica.tr\/index.php?rest_route=%2Fwp%2Fv2%2Fcomments&post=520"}],"version-history":[{"count":4,"href":"https:\/\/diplomatica.tr\/index.php?rest_route=\/wp\/v2\/posts\/520\/revisions"}],"predecessor-version":[{"id":528,"href":"https:\/\/diplomatica.tr\/index.php?rest_route=\/wp\/v2\/posts\/520\/revisions\/528"}],"wp:attachment":[{"href":"https:\/\/diplomatica.tr\/index.php?rest_route=%2Fwp%2Fv2%2Fmedia&parent=520"}],"wp:term":[{"taxonomy":"category","embeddable":true,"href":"https:\/\/diplomatica.tr\/index.php?rest_route=%2Fwp%2Fv2%2Fcategories&post=520"},{"taxonomy":"post_tag","embeddable":true,"href":"https:\/\/diplomatica.tr\/index.php?rest_route=%2Fwp%2Fv2%2Ftags&post=520"}],"curies":[{"name":"wp","href":"https:\/\/api.w.org\/{rel}","templated":true}]}}