{"id":513,"date":"2025-09-26T17:09:26","date_gmt":"2025-09-26T14:09:26","guid":{"rendered":"https:\/\/diplomatica.tr\/?p=513"},"modified":"2025-10-07T17:25:18","modified_gmt":"2025-10-07T14:25:18","slug":"turkiye-ile-abd-arasinda-nukleer-anlasma-imzalandi","status":"publish","type":"post","link":"https:\/\/diplomatica.tr\/?p=513","title":{"rendered":"T\u00fcrkiye ile ABD aras\u0131nda n\u00fckleer anla\u015fma imzaland\u0131!"},"content":{"rendered":"\n<figure class=\"wp-block-image size-full\"><img loading=\"lazy\" decoding=\"async\" width=\"703\" height=\"387\" src=\"https:\/\/diplomatica.tr\/wp-content\/uploads\/2025\/09\/Ekran-goruntusu-2025-09-26-162710.png\" alt=\"\" class=\"wp-image-518\" srcset=\"https:\/\/diplomatica.tr\/wp-content\/uploads\/2025\/09\/Ekran-goruntusu-2025-09-26-162710.png 703w, https:\/\/diplomatica.tr\/wp-content\/uploads\/2025\/09\/Ekran-goruntusu-2025-09-26-162710-300x165.png 300w\" sizes=\"auto, (max-width: 703px) 100vw, 703px\" \/><\/figure>\n\n\n\n<p>T\u00fcrkiye ile ABD, 25 Eyl\u00fcl 2025\u2019te Washington\u2019da ger\u00e7ekle\u015ftirilen t\u00f6rende Stratejik Sivil N\u00fckleer \u0130\u015fbirli\u011fi Mutabakat Zapt\u0131n\u0131 imzalad\u0131. T\u00fcrkiye ad\u0131na Enerji ve Tabii Kaynaklar Bakan\u0131 Alparslan Bayraktar, ABD ad\u0131na ise D\u0131\u015fi\u015fleri Bakan\u0131 Marco Rubio belgeyi, Cumhurba\u015fkan\u0131 Recep Tayyip Erdo\u011fan ve ABD Ba\u015fkan\u0131 Donald Trump\u2019\u0131n huzurunda imzalad\u0131.<\/p>\n\n\n\n<p>Anla\u015fman\u0131n hedefinde, iki \u00fclke aras\u0131ndaki teknolojik i\u015fbirli\u011fi, yat\u0131r\u0131m, bilgi payla\u015f\u0131m\u0131 ve enerji g\u00fcvenli\u011fi konular\u0131ndaki \u00e7al\u0131\u015fmalar\u0131 art\u0131rmak yer al\u0131yor.<\/p>\n\n\n\n<p> Enerji ve Tabii Kaynaklar Bakan\u0131 Alparslan Bayraktar: &#8220;\u0130ki devlet aras\u0131ndaki k\u00f6kl\u00fc ve \u00e7ok boyutlu ortakl\u0131\u011f\u0131, n\u00fckleer enerji alan\u0131nda daha da derinle\u015ftirecek yeni bir s\u00fcreci ba\u015flatt\u0131k.&#8221; ifadelerini kulland\u0131.<\/p>\n","protected":false},"excerpt":{"rendered":"<p>T\u00fcrkiye ile ABD, 25 Eyl\u00fcl 2025\u2019te Washington\u2019da ger\u00e7ekle\u015ftirilen t\u00f6rende Stratejik Sivil N\u00fckleer \u0130\u015fbirli\u011fi Mutabakat Zapt\u0131n\u0131 imzalad\u0131. T\u00fcrkiye ad\u0131na<\/p>\n","protected":false},"author":1,"featured_media":0,"comment_status":"open","ping_status":"open","sticky":false,"template":"","format":"standard","meta":{"footnotes":""},"categories":[1],"tags":[76,88,80,87,86,79,78,13,77],"class_list":["post-513","post","type-post","status-publish","format-standard","hentry","category-siyaset","tag-abd","tag-agreement","tag-erdogan","tag-nuclear","tag-nukleer-anlasma","tag-trump","tag-turkey","tag-turkiye","tag-usa"],"_links":{"self":[{"href":"https:\/\/diplomatica.tr\/index.php?rest_route=\/wp\/v2\/posts\/513","targetHints":{"allow":["GET"]}}],"collection":[{"href":"https:\/\/diplomatica.tr\/index.php?rest_route=\/wp\/v2\/posts"}],"about":[{"href":"https:\/\/diplomatica.tr\/index.php?rest_route=\/wp\/v2\/types\/post"}],"author":[{"embeddable":true,"href":"https:\/\/diplomatica.tr\/index.php?rest_route=\/wp\/v2\/users\/1"}],"replies":[{"embeddable":true,"href":"https:\/\/diplomatica.tr\/index.php?rest_route=%2Fwp%2Fv2%2Fcomments&post=513"}],"version-history":[{"count":1,"href":"https:\/\/diplomatica.tr\/index.php?rest_route=\/wp\/v2\/posts\/513\/revisions"}],"predecessor-version":[{"id":519,"href":"https:\/\/diplomatica.tr\/index.php?rest_route=\/wp\/v2\/posts\/513\/revisions\/519"}],"wp:attachment":[{"href":"https:\/\/diplomatica.tr\/index.php?rest_route=%2Fwp%2Fv2%2Fmedia&parent=513"}],"wp:term":[{"taxonomy":"category","embeddable":true,"href":"https:\/\/diplomatica.tr\/index.php?rest_route=%2Fwp%2Fv2%2Fcategories&post=513"},{"taxonomy":"post_tag","embeddable":true,"href":"https:\/\/diplomatica.tr\/index.php?rest_route=%2Fwp%2Fv2%2Ftags&post=513"}],"curies":[{"name":"wp","href":"https:\/\/api.w.org\/{rel}","templated":true}]}}