{"id":473,"date":"2025-09-23T20:17:21","date_gmt":"2025-09-23T17:17:21","guid":{"rendered":"https:\/\/diplomatica.tr\/?p=473"},"modified":"2025-10-07T17:23:47","modified_gmt":"2025-10-07T14:23:47","slug":"son-dakika-cumhurbaskani-erdogan-tum-ulkeleri-kktcyi-tanimaya-davet-etti","status":"publish","type":"post","link":"https:\/\/diplomatica.tr\/?p=473","title":{"rendered":"SON DAK\u0130KA: Cumhurba\u015fkan\u0131 Erdo\u011fan, t\u00fcm \u00fclkeleri KKTC&#8217;yi tan\u0131maya davet etti!"},"content":{"rendered":"\n<figure class=\"wp-block-image size-large is-resized\"><img loading=\"lazy\" decoding=\"async\" width=\"1024\" height=\"1024\" src=\"https:\/\/diplomatica.tr\/wp-content\/uploads\/2025\/09\/G1ixJDnW0AAMRSn-1024x1024.jpg\" alt=\"\" class=\"wp-image-475\" style=\"width:577px;height:auto\" srcset=\"https:\/\/diplomatica.tr\/wp-content\/uploads\/2025\/09\/G1ixJDnW0AAMRSn-1024x1024.jpg 1024w, https:\/\/diplomatica.tr\/wp-content\/uploads\/2025\/09\/G1ixJDnW0AAMRSn-300x300.jpg 300w, https:\/\/diplomatica.tr\/wp-content\/uploads\/2025\/09\/G1ixJDnW0AAMRSn-150x150.jpg 150w, https:\/\/diplomatica.tr\/wp-content\/uploads\/2025\/09\/G1ixJDnW0AAMRSn-768x768.jpg 768w, https:\/\/diplomatica.tr\/wp-content\/uploads\/2025\/09\/G1ixJDnW0AAMRSn.jpg 1080w\" sizes=\"auto, (max-width: 1024px) 100vw, 1024px\" \/><\/figure>\n\n\n\n<p>Cumhurba\u015fkan\u0131 Recep Tayyip Erdo\u011fan, Birle\u015fmi\u015f Milletler Genel Kurulu\u2019nda yapt\u0131\u011f\u0131 konu\u015fmada uluslararas\u0131 topluma Kuzey K\u0131br\u0131s T\u00fcrk Cumhuriyeti\u2019nin (KKTC) resmi olarak tan\u0131nmas\u0131 \u00e7a\u011fr\u0131s\u0131nda bulundu.<\/p>\n\n\n\n<p>Erdo\u011fan, K\u0131br\u0131s T\u00fcrk halk\u0131n\u0131n egemen e\u015fitlik ve uluslararas\u0131 stat\u00fc hakk\u0131n\u0131n tan\u0131nmas\u0131 gerekti\u011fini vurgulad\u0131. Federasyon modelinin adada art\u0131k ge\u00e7erlili\u011fini yitirdi\u011fini savunarak, adada iki ayr\u0131 devlet ve iki ayr\u0131 halk\u0131n bulundu\u011funu belirtti.<\/p>\n\n\n\n<p>KKTC\u2019nin ambargolarla ve uluslararas\u0131 izolasyonla kar\u015f\u0131 kar\u015f\u0131ya kald\u0131\u011f\u0131n\u0131 ifade eden Erdo\u011fan, bu duruma son verilmesi gerekti\u011fini ve diplomatik, siyasi ve ekonomi gibi alanlarda ba\u011flar\u0131n kurulmas\u0131 gerekti\u011fini belirtti.<\/p>\n\n\n\n<p>Ayr\u0131ca BM Bar\u0131\u015f G\u00fcc\u00fc\u2019n\u00fcn Ada\u2019daki tarafs\u0131zl\u0131\u011f\u0131n\u0131 korumas\u0131 gerekti\u011finin alt\u0131n\u0131 \u00e7izerek, bu g\u00fcc\u00fcn itibar kayb\u0131na sebep olabilecek uygulamalar\u0131ndan ka\u00e7\u0131nmas\u0131n\u0131 istedi.<\/p>\n","protected":false},"excerpt":{"rendered":"<p>Cumhurba\u015fkan\u0131 Recep Tayyip Erdo\u011fan, Birle\u015fmi\u015f Milletler Genel Kurulu\u2019nda yapt\u0131\u011f\u0131 konu\u015fmada uluslararas\u0131 topluma Kuzey K\u0131br\u0131s T\u00fcrk Cumhuriyeti\u2019nin (KKTC) resmi<\/p>\n","protected":false},"author":1,"featured_media":0,"comment_status":"open","ping_status":"open","sticky":false,"template":"","format":"standard","meta":{"footnotes":""},"categories":[1],"tags":[97,96,101,99,98,95,100],"class_list":["post-473","post","type-post","status-publish","format-standard","hentry","category-siyaset","tag-birlesmis-milletler","tag-bm","tag-cyprus","tag-kktc","tag-kuzey-kibris","tag-recep-tayyip-erdogan","tag-united-nations"],"_links":{"self":[{"href":"https:\/\/diplomatica.tr\/index.php?rest_route=\/wp\/v2\/posts\/473","targetHints":{"allow":["GET"]}}],"collection":[{"href":"https:\/\/diplomatica.tr\/index.php?rest_route=\/wp\/v2\/posts"}],"about":[{"href":"https:\/\/diplomatica.tr\/index.php?rest_route=\/wp\/v2\/types\/post"}],"author":[{"embeddable":true,"href":"https:\/\/diplomatica.tr\/index.php?rest_route=\/wp\/v2\/users\/1"}],"replies":[{"embeddable":true,"href":"https:\/\/diplomatica.tr\/index.php?rest_route=%2Fwp%2Fv2%2Fcomments&post=473"}],"version-history":[{"count":3,"href":"https:\/\/diplomatica.tr\/index.php?rest_route=\/wp\/v2\/posts\/473\/revisions"}],"predecessor-version":[{"id":478,"href":"https:\/\/diplomatica.tr\/index.php?rest_route=\/wp\/v2\/posts\/473\/revisions\/478"}],"wp:attachment":[{"href":"https:\/\/diplomatica.tr\/index.php?rest_route=%2Fwp%2Fv2%2Fmedia&parent=473"}],"wp:term":[{"taxonomy":"category","embeddable":true,"href":"https:\/\/diplomatica.tr\/index.php?rest_route=%2Fwp%2Fv2%2Fcategories&post=473"},{"taxonomy":"post_tag","embeddable":true,"href":"https:\/\/diplomatica.tr\/index.php?rest_route=%2Fwp%2Fv2%2Ftags&post=473"}],"curies":[{"name":"wp","href":"https:\/\/api.w.org\/{rel}","templated":true}]}}