{"id":469,"date":"2025-09-23T19:35:29","date_gmt":"2025-09-23T16:35:29","guid":{"rendered":"https:\/\/diplomatica.tr\/?p=469"},"modified":"2025-10-07T17:23:41","modified_gmt":"2025-10-07T14:23:41","slug":"son-dakikaispanyadan-israile-tam-silah-ambargosu","status":"publish","type":"post","link":"https:\/\/diplomatica.tr\/?p=469","title":{"rendered":"SON DAK\u0130KA: \u0130spanya&#8217;dan \u0130srail\u2019e tam silah ambargosu!"},"content":{"rendered":"\n<figure class=\"wp-block-image size-large is-resized\"><img loading=\"lazy\" decoding=\"async\" width=\"1024\" height=\"576\" src=\"https:\/\/diplomatica.tr\/wp-content\/uploads\/2025\/09\/ispanyadan-israile-tam-silah-ambargosu-1024x576.webp\" alt=\"\" class=\"wp-image-470\" style=\"width:572px;height:auto\" srcset=\"https:\/\/diplomatica.tr\/wp-content\/uploads\/2025\/09\/ispanyadan-israile-tam-silah-ambargosu-1024x576.webp 1024w, https:\/\/diplomatica.tr\/wp-content\/uploads\/2025\/09\/ispanyadan-israile-tam-silah-ambargosu-300x169.webp 300w, https:\/\/diplomatica.tr\/wp-content\/uploads\/2025\/09\/ispanyadan-israile-tam-silah-ambargosu-768x432.webp 768w, https:\/\/diplomatica.tr\/wp-content\/uploads\/2025\/09\/ispanyadan-israile-tam-silah-ambargosu.webp 1280w\" sizes=\"auto, (max-width: 1024px) 100vw, 1024px\" \/><\/figure>\n\n\n\n<p>Avrupa Birli\u011fi i\u00e7erisinde Filistin-\u0130srail meselesindeki tavr\u0131yla en \u00e7ok dikkat \u00e7eken \u00fclkelerden biri olan \u0130spanya tarihi bir ad\u0131ma daha att\u0131.<\/p>\n\n\n\n<p>\u0130spanya Ba\u015fbakan\u0131 Pedro S\u00e1nchez, Gazze\u2019de ya\u015fananlar nedeniyle \u0130srail\u2019e y\u00f6nelik yeni yapt\u0131r\u0131m paketini a\u00e7\u0131klad\u0131. Al\u0131nan kararlar aras\u0131nda \u0130srail\u2019e silah ve m\u00fchimmat sat\u0131\u015f\u0131na kal\u0131c\u0131 yasak getirilmesi, askeri yak\u0131t ta\u015f\u0131yan gemilerin \u0130spanyol limanlar\u0131na yana\u015fmas\u0131n\u0131n engellenmesi ve benzer ama\u00e7larla kullan\u0131lan u\u00e7aklar\u0131n \u0130spanya hava sahas\u0131ndan ge\u00e7i\u015fine izin verilmemesi bulunuyor. S\u00e1nchez, bu ad\u0131mlar\u0131n Gazze&#8217;de daha \u00e7ok kan d\u00f6k\u00fclmemesi ad\u0131na yap\u0131ld\u0131\u011f\u0131n\u0131 s\u00f6yledi.<\/p>\n\n\n\n<p>Ba\u015fbakan, \u0130srail\u2019in var olma ve kendini savunma hakk\u0131n\u0131 tan\u0131d\u0131\u011f\u0131n\u0131 ancak bunun sivillere y\u00f6nelik sald\u0131r\u0131lar\u0131 hakl\u0131 \u00e7\u0131karamayaca\u011f\u0131n\u0131 belirtti. \u201c\u00dclkenizi savunmak bir \u015feydir; hastaneleri bombalamak ve \u00e7ocuklar\u0131 a\u00e7 b\u0131rakmak ba\u015fka bir \u015feydir,\u201d s\u00f6zleriyle uluslararas\u0131 topluma \u00e7a\u011fr\u0131 yapt\u0131.<\/p>\n\n\n\n<p>\u0130srail cephesinden ise sert tepki geldi. \u0130srail D\u0131\u015fi\u015fleri Bakan\u0131 Gideon Sa\u2019ar, \u0130spanyol h\u00fck\u00fcmetini \u201c\u0130srail kar\u015f\u0131t\u0131\u201d bir tutum almakla su\u00e7larken, Madrid y\u00f6netimi ise su\u00e7lamalar\u0131 reddederek, al\u0131nan \u00f6nlemlerin \u0130spanyol toplumunun b\u00fcy\u00fck \u00e7o\u011funlu\u011funun g\u00f6r\u00fc\u015f\u00fcn\u00fc yans\u0131tt\u0131\u011f\u0131n\u0131 ve bar\u0131\u015f ile insan haklar\u0131n\u0131 savunma \u00e7abalar\u0131n\u0131n bir par\u00e7as\u0131 oldu\u011funu a\u00e7\u0131klad\u0131.<\/p>\n","protected":false},"excerpt":{"rendered":"<p>Avrupa Birli\u011fi i\u00e7erisinde Filistin-\u0130srail meselesindeki tavr\u0131yla en \u00e7ok dikkat \u00e7eken \u00fclkelerden biri olan \u0130spanya tarihi bir ad\u0131ma daha<\/p>\n","protected":false},"author":1,"featured_media":0,"comment_status":"open","ping_status":"open","sticky":false,"template":"","format":"standard","meta":{"footnotes":""},"categories":[1],"tags":[104,107,102,106,103,105],"class_list":["post-469","post","type-post","status-publish","format-standard","hentry","category-siyaset","tag-ambargo","tag-embargo","tag-ispanya","tag-israel","tag-israil","tag-spain"],"_links":{"self":[{"href":"https:\/\/diplomatica.tr\/index.php?rest_route=\/wp\/v2\/posts\/469","targetHints":{"allow":["GET"]}}],"collection":[{"href":"https:\/\/diplomatica.tr\/index.php?rest_route=\/wp\/v2\/posts"}],"about":[{"href":"https:\/\/diplomatica.tr\/index.php?rest_route=\/wp\/v2\/types\/post"}],"author":[{"embeddable":true,"href":"https:\/\/diplomatica.tr\/index.php?rest_route=\/wp\/v2\/users\/1"}],"replies":[{"embeddable":true,"href":"https:\/\/diplomatica.tr\/index.php?rest_route=%2Fwp%2Fv2%2Fcomments&post=469"}],"version-history":[{"count":2,"href":"https:\/\/diplomatica.tr\/index.php?rest_route=\/wp\/v2\/posts\/469\/revisions"}],"predecessor-version":[{"id":472,"href":"https:\/\/diplomatica.tr\/index.php?rest_route=\/wp\/v2\/posts\/469\/revisions\/472"}],"wp:attachment":[{"href":"https:\/\/diplomatica.tr\/index.php?rest_route=%2Fwp%2Fv2%2Fmedia&parent=469"}],"wp:term":[{"taxonomy":"category","embeddable":true,"href":"https:\/\/diplomatica.tr\/index.php?rest_route=%2Fwp%2Fv2%2Fcategories&post=469"},{"taxonomy":"post_tag","embeddable":true,"href":"https:\/\/diplomatica.tr\/index.php?rest_route=%2Fwp%2Fv2%2Ftags&post=469"}],"curies":[{"name":"wp","href":"https:\/\/api.w.org\/{rel}","templated":true}]}}