{"id":465,"date":"2025-09-23T17:53:08","date_gmt":"2025-09-23T14:53:08","guid":{"rendered":"https:\/\/diplomatica.tr\/?p=465"},"modified":"2025-10-07T17:23:39","modified_gmt":"2025-10-07T14:23:39","slug":"cumhurbaskani-erdogan-birlesmis-milletler-filistin-zirvesinde","status":"publish","type":"post","link":"https:\/\/diplomatica.tr\/?p=465","title":{"rendered":"Cumhurba\u015fkan\u0131 Erdo\u011fan Birle\u015fmi\u015f Milletler Filistin Zirvesi&#8217;nde!"},"content":{"rendered":"\n<figure class=\"wp-block-image size-large is-resized\"><img loading=\"lazy\" decoding=\"async\" width=\"1024\" height=\"727\" src=\"https:\/\/diplomatica.tr\/wp-content\/uploads\/2025\/09\/G1gr1flWkAAdBj9-1024x727.jpg\" alt=\"\" class=\"wp-image-466\" style=\"width:613px;height:auto\" srcset=\"https:\/\/diplomatica.tr\/wp-content\/uploads\/2025\/09\/G1gr1flWkAAdBj9-1024x727.jpg 1024w, https:\/\/diplomatica.tr\/wp-content\/uploads\/2025\/09\/G1gr1flWkAAdBj9-300x213.jpg 300w, https:\/\/diplomatica.tr\/wp-content\/uploads\/2025\/09\/G1gr1flWkAAdBj9-768x545.jpg 768w, https:\/\/diplomatica.tr\/wp-content\/uploads\/2025\/09\/G1gr1flWkAAdBj9-1536x1091.jpg 1536w, https:\/\/diplomatica.tr\/wp-content\/uploads\/2025\/09\/G1gr1flWkAAdBj9-2048x1454.jpg 2048w\" sizes=\"auto, (max-width: 1024px) 100vw, 1024px\" \/><\/figure>\n\n\n\n<p>Cumhurba\u015fkan\u0131 Recep Tayyip Erdo\u011fan, Birle\u015fmi\u015f Milletler Genel Kurulu\u2019nda d\u00fczenlenen Filistin Zirvesi\u2019nde yapt\u0131\u011f\u0131 konu\u015fmada, b\u00f6lgede bar\u0131\u015f\u0131n sa\u011flanabilmesi i\u00e7in iki devletli \u00e7\u00f6z\u00fcm\u00fcn \u00f6nemine dikkat \u00e7ekti. Erdo\u011fan, \u0130srail\u2019in son iki y\u0131ld\u0131r artan sald\u0131r\u0131lar\u0131 nedeniyle b\u00f6lgede b\u00fcy\u00fck bir insani krizin ya\u015fand\u0131\u011f\u0131n\u0131 ve Gazze\u2019de \u00e7ok say\u0131da sivilin hayat\u0131n\u0131 kaybetti\u011fini ifade etti.<\/p>\n\n\n\n<p>Konu\u015fma s\u0131ras\u0131nda Cumhurba\u015fkan\u0131 Erdo\u011fan\u2019\u0131n mikrofonunun kapanmas\u0131 k\u0131sa s\u00fcreli tart\u0131\u015fmalara yol a\u00e7t\u0131. Sosyal medyada farkl\u0131 iddialar g\u00fcndeme gelirken, Cumhurba\u015fkanl\u0131\u011f\u0131 \u0130leti\u015fim Ba\u015fkanl\u0131\u011f\u0131 yapt\u0131\u011f\u0131 a\u00e7\u0131klamada, t\u00fcm liderlere 5 dakikal\u0131k konu\u015fma s\u00fcresi tan\u0131nd\u0131\u011f\u0131n\u0131, Erdo\u011fan\u2019\u0131n konu\u015fmas\u0131n\u0131n da bu s\u00fcrenin sonunda otomatik olarak tamamland\u0131\u011f\u0131n\u0131 duyurdu.<\/p>\n\n\n\n<p>Erdo\u011fan, Fransa ve Suudi Arabistan ba\u015fta olmak \u00fczere Filistin\u2019i tan\u0131yan \u00fclkelere te\u015fekk\u00fcr ederek bunun \u201ctarihi bir ad\u0131m\u201d oldu\u011funu belirtti. Filistin meselesinin art\u0131k k\u00fcresel bir g\u00fcndem haline geldi\u011fini vurgulayan Erdo\u011fan, uluslararas\u0131 toplumun hem insani yard\u0131mlar\u0131n ula\u015ft\u0131r\u0131lmas\u0131 hem de kal\u0131c\u0131 bar\u0131\u015f i\u00e7in somut ad\u0131mlar atmas\u0131 gerekti\u011fini s\u00f6yledi.<\/p>\n\n\n\n<p>Cumhurba\u015fkan\u0131 ayr\u0131ca, Bat\u0131 \u015eeria\u2019daki yerle\u015fim faaliyetlerinin ve Do\u011fu Kud\u00fcs\u2019teki fiili durumlar\u0131n bar\u0131\u015f s\u00fcrecini olumsuz etkiledi\u011fini belirtti. Erdo\u011fan, b\u00f6lgede kal\u0131c\u0131 istikrar\u0131n sa\u011flanabilmesi i\u00e7in ate\u015fkesin ilan edilmesi, Gazze\u2019ye insani yard\u0131mlar\u0131n engelsiz \u015fekilde giri\u015finin sa\u011flanmas\u0131 ve \u0130srail\u2019in b\u00f6lgeden \u00e7ekilmesinin \u00f6nem ta\u015f\u0131d\u0131\u011f\u0131n\u0131 dile getirdi.<\/p>\n\n\n\n<p>Konu\u015fmas\u0131n\u0131n sonunda Erdo\u011fan, iki devletli \u00e7\u00f6z\u00fcm vizyonunun korunmas\u0131n\u0131n uluslararas\u0131 toplum i\u00e7in temel bir hedef olmas\u0131 gerekti\u011fini vurgulad\u0131. Filistin\u2019i tan\u0131yan \u00fclkelerin bu s\u00fcreci yaln\u0131zca diplomatik destekle de\u011fil, somut ve kararl\u0131 politikalarla da g\u00fc\u00e7lendirmesi gerekti\u011fini ifade etti.<\/p>\n\n\n\n<figure class=\"wp-block-embed is-type-rich is-provider-twitter wp-block-embed-twitter\"><div class=\"wp-block-embed__wrapper\">\n<blockquote class=\"twitter-tweet\" data-width=\"550\" data-dnt=\"true\"><p lang=\"tr\" dir=\"ltr\">Filistin Meselesine \u00c7\u00f6z\u00fcm Bulunmas\u0131 ve \u0130ki Devletli \u00c7\u00f6z\u00fcm\u00fcn Hayata Ge\u00e7irilmesi Konulu Y\u00fcksek D\u00fczeyli Uluslararas\u0131 Konferans\u0131 <a href=\"https:\/\/t.co\/UfUvbl637c\">https:\/\/t.co\/UfUvbl637c<\/a><\/p>&mdash; Recep Tayyip Erdo\u011fan (@RTErdogan) <a href=\"https:\/\/twitter.com\/RTErdogan\/status\/1970220021356913141?ref_src=twsrc%5Etfw\">September 22, 2025<\/a><\/blockquote><script async src=\"https:\/\/platform.twitter.com\/widgets.js\" charset=\"utf-8\"><\/script>\n<\/div><\/figure>\n\n\n\n<p><strong>Cumhurba\u015fkan\u0131 Erdo\u011fan&#8217;\u0131n BM Filistin Zirvesi&#8217;nde yapt\u0131\u011f\u0131 konu\u015fman\u0131n tamam\u0131<\/strong><\/p>\n","protected":false},"excerpt":{"rendered":"<p>Cumhurba\u015fkan\u0131 Recep Tayyip Erdo\u011fan, Birle\u015fmi\u015f Milletler Genel Kurulu\u2019nda d\u00fczenlenen Filistin Zirvesi\u2019nde yapt\u0131\u011f\u0131 konu\u015fmada, b\u00f6lgede bar\u0131\u015f\u0131n sa\u011flanabilmesi i\u00e7in iki<\/p>\n","protected":false},"author":1,"featured_media":0,"comment_status":"open","ping_status":"open","sticky":false,"template":"","format":"standard","meta":{"footnotes":""},"categories":[1],"tags":[64],"class_list":["post-465","post","type-post","status-publish","format-standard","hentry","category-siyaset","tag-recep-tayyip-erdogan-birlesmismilletler-bm-unitednations"],"_links":{"self":[{"href":"https:\/\/diplomatica.tr\/index.php?rest_route=\/wp\/v2\/posts\/465","targetHints":{"allow":["GET"]}}],"collection":[{"href":"https:\/\/diplomatica.tr\/index.php?rest_route=\/wp\/v2\/posts"}],"about":[{"href":"https:\/\/diplomatica.tr\/index.php?rest_route=\/wp\/v2\/types\/post"}],"author":[{"embeddable":true,"href":"https:\/\/diplomatica.tr\/index.php?rest_route=\/wp\/v2\/users\/1"}],"replies":[{"embeddable":true,"href":"https:\/\/diplomatica.tr\/index.php?rest_route=%2Fwp%2Fv2%2Fcomments&post=465"}],"version-history":[{"count":2,"href":"https:\/\/diplomatica.tr\/index.php?rest_route=\/wp\/v2\/posts\/465\/revisions"}],"predecessor-version":[{"id":468,"href":"https:\/\/diplomatica.tr\/index.php?rest_route=\/wp\/v2\/posts\/465\/revisions\/468"}],"wp:attachment":[{"href":"https:\/\/diplomatica.tr\/index.php?rest_route=%2Fwp%2Fv2%2Fmedia&parent=465"}],"wp:term":[{"taxonomy":"category","embeddable":true,"href":"https:\/\/diplomatica.tr\/index.php?rest_route=%2Fwp%2Fv2%2Fcategories&post=465"},{"taxonomy":"post_tag","embeddable":true,"href":"https:\/\/diplomatica.tr\/index.php?rest_route=%2Fwp%2Fv2%2Ftags&post=465"}],"curies":[{"name":"wp","href":"https:\/\/api.w.org\/{rel}","templated":true}]}}