{"id":437,"date":"2025-09-20T15:14:50","date_gmt":"2025-09-20T12:14:50","guid":{"rendered":"https:\/\/diplomatica.tr\/?p=437"},"modified":"2025-10-07T17:23:15","modified_gmt":"2025-10-07T14:23:15","slug":"trump-ve-erdogan-25-eylulde-beyaz-sarayda-gorusecek","status":"publish","type":"post","link":"https:\/\/diplomatica.tr\/?p=437","title":{"rendered":"Trump ve Erdo\u011fan 25 Eyl\u00fcl&#8217;de Beyaz Saray&#8217;da g\u00f6r\u00fc\u015fecek!"},"content":{"rendered":"\n<figure class=\"wp-block-image size-large is-resized\"><img loading=\"lazy\" decoding=\"async\" width=\"1024\" height=\"1024\" src=\"https:\/\/diplomatica.tr\/wp-content\/uploads\/2025\/09\/G1OnQjaXsAAdkxh-1024x1024.jpg\" alt=\"\" class=\"wp-image-438\" style=\"width:652px;height:auto\" srcset=\"https:\/\/diplomatica.tr\/wp-content\/uploads\/2025\/09\/G1OnQjaXsAAdkxh-1024x1024.jpg 1024w, https:\/\/diplomatica.tr\/wp-content\/uploads\/2025\/09\/G1OnQjaXsAAdkxh-300x300.jpg 300w, https:\/\/diplomatica.tr\/wp-content\/uploads\/2025\/09\/G1OnQjaXsAAdkxh-150x150.jpg 150w, https:\/\/diplomatica.tr\/wp-content\/uploads\/2025\/09\/G1OnQjaXsAAdkxh-768x768.jpg 768w, https:\/\/diplomatica.tr\/wp-content\/uploads\/2025\/09\/G1OnQjaXsAAdkxh.jpg 1118w\" sizes=\"auto, (max-width: 1024px) 100vw, 1024px\" \/><\/figure>\n\n\n\n<p>ABD Ba\u015fkan\u0131 Donald Trump, Cumhurba\u015fkan\u0131 Erdo\u011fan&#8217;\u0131n 25 Eyl\u00fcl&#8217;de ABD&#8217;yi ziyaret edece\u011fini bildirdi. <\/p>\n\n\n\n<p>ABD Ba\u015fkan\u0131, a\u00e7\u0131klamas\u0131nda, &#8220;T\u00fcrkiye Cumhurba\u015fkan\u0131 Recep Tayyip Erdo\u011fan&#8217;\u0131 25 Eyl\u00fcl&#8217;de Beyaz Saray&#8217;da a\u011f\u0131rlayacak olmaktan memnuniyet duyuyorum.&#8221; ifadesini kulland\u0131.<\/p>\n\n\n\n<p>Donald Trump, &#8220;Cumhurba\u015fkan\u0131 ile Boeing u\u00e7aklar\u0131n\u0131n b\u00fcy\u00fck \u00f6l\u00e7ekli sat\u0131n al\u0131m\u0131, \u00f6nemli bir F-16 anla\u015fmas\u0131 ve olumlu sonu\u00e7lanmas\u0131n\u0131 bekledi\u011fimiz F-35 g\u00f6r\u00fc\u015fmelerinin devam\u0131 dahil olmak \u00fczere bir\u00e7ok ticaret anla\u015fmas\u0131 ve askeri anla\u015fma \u00fczerinde \u00e7al\u0131\u015f\u0131yoruz.&#8221; a\u00e7\u0131klamas\u0131nda bulundu.\u200b\u200b\u200b\u200b\u200b\u200b\u200b<\/p>\n\n\n\n<p>Trump, a\u00e7\u0131klamas\u0131n\u0131, &#8220;Cumhurba\u015fkan\u0131 Erdo\u011fan ile her zaman \u00e7ok iyi ili\u015fkilerimiz olmu\u015ftur. 25&#8217;inde onu g\u00f6rmek i\u00e7in sab\u0131rs\u0131zlan\u0131yorum.&#8221; ifadesiyle tamamlad\u0131.<\/p>\n\n\n\n<p>Cumhurba\u015fkan\u0131 Erdo\u011fan da ABD Ba\u015fkan\u0131 Trump ile yapaca\u011f\u0131 g\u00f6r\u00fc\u015fmede, ba\u015fta ticaret, yat\u0131r\u0131m ve savunma sanayisi olmak \u00fczere bir\u00e7ok konunun ele al\u0131naca\u011f\u0131n\u0131 a\u00e7\u0131klad\u0131. Erdo\u011fan; &#8220;Ba\u015fkan Trump&#8217;la yapaca\u011f\u0131m\u0131z g\u00f6r\u00fc\u015fmenin ortak k\u00fcresel bar\u0131\u015f vizyonumuz \u00e7er\u00e7evesinde b\u00f6lgemizdeki sava\u015f ve \u00e7at\u0131\u015fmalar\u0131n durmas\u0131na katk\u0131 sunaca\u011f\u0131na inan\u0131yorum&#8221; dedi.<\/p>\n","protected":false},"excerpt":{"rendered":"<p>ABD Ba\u015fkan\u0131 Donald Trump, Cumhurba\u015fkan\u0131 Erdo\u011fan&#8217;\u0131n 25 Eyl\u00fcl&#8217;de ABD&#8217;yi ziyaret edece\u011fini bildirdi. ABD Ba\u015fkan\u0131, a\u00e7\u0131klamas\u0131nda, &#8220;T\u00fcrkiye Cumhurba\u015fkan\u0131 Recep<\/p>\n","protected":false},"author":1,"featured_media":0,"comment_status":"open","ping_status":"open","sticky":false,"template":"","format":"standard","meta":{"footnotes":""},"categories":[1],"tags":[76,80,79,78,13,77],"class_list":["post-437","post","type-post","status-publish","format-standard","hentry","category-siyaset","tag-abd","tag-erdogan","tag-trump","tag-turkey","tag-turkiye","tag-usa"],"_links":{"self":[{"href":"https:\/\/diplomatica.tr\/index.php?rest_route=\/wp\/v2\/posts\/437","targetHints":{"allow":["GET"]}}],"collection":[{"href":"https:\/\/diplomatica.tr\/index.php?rest_route=\/wp\/v2\/posts"}],"about":[{"href":"https:\/\/diplomatica.tr\/index.php?rest_route=\/wp\/v2\/types\/post"}],"author":[{"embeddable":true,"href":"https:\/\/diplomatica.tr\/index.php?rest_route=\/wp\/v2\/users\/1"}],"replies":[{"embeddable":true,"href":"https:\/\/diplomatica.tr\/index.php?rest_route=%2Fwp%2Fv2%2Fcomments&post=437"}],"version-history":[{"count":4,"href":"https:\/\/diplomatica.tr\/index.php?rest_route=\/wp\/v2\/posts\/437\/revisions"}],"predecessor-version":[{"id":442,"href":"https:\/\/diplomatica.tr\/index.php?rest_route=\/wp\/v2\/posts\/437\/revisions\/442"}],"wp:attachment":[{"href":"https:\/\/diplomatica.tr\/index.php?rest_route=%2Fwp%2Fv2%2Fmedia&parent=437"}],"wp:term":[{"taxonomy":"category","embeddable":true,"href":"https:\/\/diplomatica.tr\/index.php?rest_route=%2Fwp%2Fv2%2Fcategories&post=437"},{"taxonomy":"post_tag","embeddable":true,"href":"https:\/\/diplomatica.tr\/index.php?rest_route=%2Fwp%2Fv2%2Ftags&post=437"}],"curies":[{"name":"wp","href":"https:\/\/api.w.org\/{rel}","templated":true}]}}