{"id":434,"date":"2025-09-20T15:04:57","date_gmt":"2025-09-20T12:04:57","guid":{"rendered":"https:\/\/diplomatica.tr\/?p=434"},"modified":"2025-10-07T17:23:11","modified_gmt":"2025-10-07T14:23:11","slug":"fransa-ve-portekizden-tarihi-adim-filistin-devleti-resmen-taninacak","status":"publish","type":"post","link":"https:\/\/diplomatica.tr\/?p=434","title":{"rendered":"Fransa ve Portekiz\u2019den Tarihi Ad\u0131m: Filistin Devleti Resmen Tan\u0131nacak!"},"content":{"rendered":"\n<figure class=\"wp-block-image size-large\"><img loading=\"lazy\" decoding=\"async\" width=\"1024\" height=\"576\" src=\"https:\/\/diplomatica.tr\/wp-content\/uploads\/2025\/09\/son-dakika-macron-tarih-verdi-fransa-resmen-filistin-devletini-taniyor-1758311277-3854-1024x576.webp\" alt=\"\" class=\"wp-image-435\" srcset=\"https:\/\/diplomatica.tr\/wp-content\/uploads\/2025\/09\/son-dakika-macron-tarih-verdi-fransa-resmen-filistin-devletini-taniyor-1758311277-3854-1024x576.webp 1024w, https:\/\/diplomatica.tr\/wp-content\/uploads\/2025\/09\/son-dakika-macron-tarih-verdi-fransa-resmen-filistin-devletini-taniyor-1758311277-3854-300x169.webp 300w, https:\/\/diplomatica.tr\/wp-content\/uploads\/2025\/09\/son-dakika-macron-tarih-verdi-fransa-resmen-filistin-devletini-taniyor-1758311277-3854-768x432.webp 768w, https:\/\/diplomatica.tr\/wp-content\/uploads\/2025\/09\/son-dakika-macron-tarih-verdi-fransa-resmen-filistin-devletini-taniyor-1758311277-3854.webp 1280w\" sizes=\"auto, (max-width: 1024px) 100vw, 1024px\" \/><\/figure>\n\n\n\n<p>Avrupa\u2019da pe\u015f pe\u015fe gelen ad\u0131mlar, Filistin&#8217;in kaderinde yeni bir d\u00f6neme i\u015faret ediyor. Fransa Cumhurba\u015fkan\u0131 Emmanuel Macron, \u00fclkesinin pazartesi g\u00fcn\u00fc Filistin\u2019i resmen tan\u0131yaca\u011f\u0131n\u0131 duyurdu. Bununla birlikte, Portekiz D\u0131\u015fi\u015fleri Bakanl\u0131\u011f\u0131 da yapt\u0131\u011f\u0131 a\u00e7\u0131klamada, pazar g\u00fcn\u00fc Filistin Devleti\u2019ni tan\u0131yacaklar\u0131n\u0131 bildirdi.<\/p>\n\n\n\n<h3 class=\"wp-block-heading\">Fransa\u2019dan BM Genel Kurulu\u2019nda Tan\u0131ma<\/h3>\n\n\n\n<p>Cumhurba\u015fkan\u0131 Emmanuel Macron, Gazze&#8217;de ve Filistin topraklar\u0131ndaki durumun son derece acil oldu\u011funu g\u00f6z \u00f6n\u00fcnde bulundurarak \u00fclkesinin 22 Eyl\u00fcl\u2019de New York\u2019taki Birle\u015fmi\u015f Milletler Genel Kurulu\u2019nda Filistin\u2019i tan\u0131yaca\u011f\u0131n\u0131 a\u00e7\u0131klad\u0131. Macron, karar\u0131n\u0131 duyurdu\u011fu sosyal medya payla\u015f\u0131m\u0131nda, Filistin lideri Mahmud Abbas ile yapt\u0131\u011f\u0131 g\u00f6r\u00fc\u015fmeye de de\u011findi:<\/p>\n\n\n\n<figure class=\"wp-block-embed is-type-rich is-provider-twitter wp-block-embed-twitter\"><div class=\"wp-block-embed__wrapper\">\n<blockquote class=\"twitter-tweet\" data-width=\"550\" data-dnt=\"true\"><p lang=\"en\" dir=\"ltr\">I have just spoken with the President of the Palestinian Authority, Mahmoud Abbas.<br>                                      <br>I first thanked him for the excellent cooperation that led to the arrest of one of the main perpetrators of the horrific terrorist attack on Rue des Rosiers.\u2026<\/p>&mdash; Emmanuel Macron (@EmmanuelMacron) <a href=\"https:\/\/twitter.com\/EmmanuelMacron\/status\/1969111446727639323?ref_src=twsrc%5Etfw\">September 19, 2025<\/a><\/blockquote><script async src=\"https:\/\/platform.twitter.com\/widgets.js\" charset=\"utf-8\"><\/script>\n<\/div><\/figure>\n\n\n\n<h3 class=\"wp-block-heading\">Portekiz Pazar G\u00fcn\u00fc Ad\u0131m At\u0131yor<\/h3>\n\n\n\n<p>Portekiz D\u0131\u015fi\u015fleri Bakanl\u0131\u011f\u0131 da yapt\u0131\u011f\u0131 a\u00e7\u0131klamada, \u00fclkenin 21 Eyl\u00fcl Pazar g\u00fcn\u00fc Filistin\u2019i tan\u0131yaca\u011f\u0131n\u0131 duyurdu. Karar\u0131n, gelecek hafta yap\u0131lacak \u00dcst D\u00fczey Konferans \u00f6ncesinde resmiyet kazanaca\u011f\u0131 belirtildi. D\u0131\u015fi\u015fleri Bakan\u0131 Paulo Rangel, ge\u00e7ti\u011fimiz g\u00fcnlerde \u0130ngiltere ziyareti s\u0131ras\u0131nda bu ihtimali g\u00fcndeme getirmi\u015f, \u00fclkesinin art\u0131k bu tarihi ad\u0131m\u0131 atmaya haz\u0131r oldu\u011funu vurgulam\u0131\u015ft\u0131.<\/p>\n","protected":false},"excerpt":{"rendered":"<p>Avrupa\u2019da pe\u015f pe\u015fe gelen ad\u0131mlar, Filistin&#8217;in kaderinde yeni bir d\u00f6neme i\u015faret ediyor. Fransa Cumhurba\u015fkan\u0131 Emmanuel Macron, \u00fclkesinin pazartesi<\/p>\n","protected":false},"author":1,"featured_media":0,"comment_status":"open","ping_status":"open","sticky":false,"template":"","format":"standard","meta":{"footnotes":""},"categories":[1],"tags":[116,118,114,121,117,120,115,119],"class_list":["post-434","post","type-post","status-publish","format-standard","hentry","category-siyaset","tag-filistin","tag-france","tag-fransa","tag-gaza","tag-gazze","tag-palestine","tag-portekiz","tag-portugal"],"_links":{"self":[{"href":"https:\/\/diplomatica.tr\/index.php?rest_route=\/wp\/v2\/posts\/434","targetHints":{"allow":["GET"]}}],"collection":[{"href":"https:\/\/diplomatica.tr\/index.php?rest_route=\/wp\/v2\/posts"}],"about":[{"href":"https:\/\/diplomatica.tr\/index.php?rest_route=\/wp\/v2\/types\/post"}],"author":[{"embeddable":true,"href":"https:\/\/diplomatica.tr\/index.php?rest_route=\/wp\/v2\/users\/1"}],"replies":[{"embeddable":true,"href":"https:\/\/diplomatica.tr\/index.php?rest_route=%2Fwp%2Fv2%2Fcomments&post=434"}],"version-history":[{"count":1,"href":"https:\/\/diplomatica.tr\/index.php?rest_route=\/wp\/v2\/posts\/434\/revisions"}],"predecessor-version":[{"id":436,"href":"https:\/\/diplomatica.tr\/index.php?rest_route=\/wp\/v2\/posts\/434\/revisions\/436"}],"wp:attachment":[{"href":"https:\/\/diplomatica.tr\/index.php?rest_route=%2Fwp%2Fv2%2Fmedia&parent=434"}],"wp:term":[{"taxonomy":"category","embeddable":true,"href":"https:\/\/diplomatica.tr\/index.php?rest_route=%2Fwp%2Fv2%2Fcategories&post=434"},{"taxonomy":"post_tag","embeddable":true,"href":"https:\/\/diplomatica.tr\/index.php?rest_route=%2Fwp%2Fv2%2Ftags&post=434"}],"curies":[{"name":"wp","href":"https:\/\/api.w.org\/{rel}","templated":true}]}}