{"id":419,"date":"2025-09-19T18:41:48","date_gmt":"2025-09-19T15:41:48","guid":{"rendered":"https:\/\/diplomatica.tr\/?p=419"},"modified":"2025-10-07T17:23:08","modified_gmt":"2025-10-07T14:23:08","slug":"son-dakika-rus-savas-ucaklari-estonya-hava-sahasini-ihlal-etti","status":"publish","type":"post","link":"https:\/\/diplomatica.tr\/?p=419","title":{"rendered":"SON DAK\u0130KA: Rus sava\u015f u\u00e7aklar\u0131 Estonya hava sahas\u0131n\u0131 ihlal etti!"},"content":{"rendered":"\n<figure class=\"wp-block-image size-full\"><img loading=\"lazy\" decoding=\"async\" width=\"960\" height=\"540\" src=\"https:\/\/diplomatica.tr\/wp-content\/uploads\/2025\/09\/960x540.jpg\" alt=\"\" class=\"wp-image-423\" srcset=\"https:\/\/diplomatica.tr\/wp-content\/uploads\/2025\/09\/960x540.jpg 960w, https:\/\/diplomatica.tr\/wp-content\/uploads\/2025\/09\/960x540-300x169.jpg 300w, https:\/\/diplomatica.tr\/wp-content\/uploads\/2025\/09\/960x540-768x432.jpg 768w\" sizes=\"auto, (max-width: 960px) 100vw, 960px\" \/><\/figure>\n\n\n\n<p>Estonya Savunma ve D\u0131\u015fi\u015fleri makamlar\u0131n\u0131n a\u00e7\u0131klamas\u0131na g\u00f6re \u00fc\u00e7 Rus sava\u015f u\u00e7a\u011f\u0131, \u00fclkenin hava sahas\u0131na girerek yakla\u015f\u0131k 12 dakika boyunca Finlandiya K\u00f6rfezi \u00fczerinde kald\u0131.<\/p>\n\n\n\n<p>Estonya D\u0131\u015fi\u015fleri Bakan\u0131 Margus Tsahkna, X platformunda yapt\u0131\u011f\u0131 payla\u015f\u0131mda olay\u0131n \u201cbenzeri g\u00f6r\u00fclmemi\u015f bir c\u00fcret\u201d oldu\u011funu vurgulad\u0131. Tsahkna, u\u00e7aklar\u0131n u\u00e7u\u015f plan\u0131 bildirmedi\u011fini, hava trafik kontrol\u00fcyle ileti\u015fim kurmad\u0131\u011f\u0131n\u0131 ve Moskova\u2019n\u0131n maslahatg\u00fczar\u0131n\u0131n \u00e7a\u011fr\u0131larak protesto notas\u0131n\u0131n iletildi\u011fini a\u00e7\u0131klad\u0131.<\/p>\n\n\n\n<figure class=\"wp-block-embed is-type-rich is-provider-twitter wp-block-embed-twitter\"><div class=\"wp-block-embed__wrapper\">\n<blockquote class=\"twitter-tweet\" data-width=\"550\" data-dnt=\"true\"><p lang=\"en\" dir=\"ltr\">Today <a href=\"https:\/\/twitter.com\/MFAestonia?ref_src=twsrc%5Etfw\">@MFAestonia<\/a> summoned Russia\u2019s charg\u00e9 d\u2019affaires over another violation of Estonia\u2019s airspace, when three Russian MiG-31s entered our airspace over the Gulf of Finland for 12 minutes. <br><br>This is an unprecedented and brazen intrusion \u2014 clear proof of Russia\u2019s growing\u2026<\/p>&mdash; Margus Tsahkna (@Tsahkna) <a href=\"https:\/\/twitter.com\/Tsahkna\/status\/1969050050123764155?ref_src=twsrc%5Etfw\">September 19, 2025<\/a><\/blockquote><script async src=\"https:\/\/platform.twitter.com\/widgets.js\" charset=\"utf-8\"><\/script>\n<\/div><\/figure>\n\n\n\n<p>NATO da olay\u0131 do\u011frulayarak, m\u00fcttefik hava sahas\u0131na y\u00f6nelik ihlallerin kabul edilemez oldu\u011funu belirtti. Bakan Tsahkna, \u201cRusya s\u0131n\u0131rlar\u0131m\u0131z\u0131 s\u00fcrekli zorlayarak provoke ediyor, buna ekonomik ve siyasi bask\u0131y\u0131 art\u0131rarak kar\u015f\u0131l\u0131k vermeliyiz\u201d dedi.<\/p>\n\n\n\n<p>Estonya makamlar\u0131, bu y\u0131l d\u00f6rd\u00fcnc\u00fc kez Rus u\u00e7aklar\u0131n\u0131n hava sahas\u0131na girdi\u011fini ancak ilk defa \u00fc\u00e7 sava\u015f u\u00e7a\u011f\u0131n\u0131n ayn\u0131 anda ihlalde bulundu\u011funu kaydetti.<\/p>\n\n\n\n<h3 class=\"wp-block-heading\">Art arda Gelen \u0130hlaller<\/h3>\n\n\n\n<p>Estonya, son haftalarda benzer olay ya\u015fayan \u00fc\u00e7\u00fcnc\u00fc NATO \u00fclkesi oldu. Ge\u00e7ti\u011fimiz g\u00fcnlerde Romanya, Ukrayna\u2019ya d\u00fczenlenen sald\u0131r\u0131 s\u0131ras\u0131nda bir Rus insans\u0131z hava arac\u0131n\u0131n kendi hava sahas\u0131n\u0131 ihlal etti\u011fini bildirmi\u015fti. Ayn\u0131 d\u00f6nemde Polonya da en az 20 Rus \u0130HA\u2019s\u0131n\u0131n s\u0131n\u0131rlar\u0131n\u0131 ge\u00e7ti\u011fini ve \u00e7o\u011funun d\u00fc\u015f\u00fcr\u00fcld\u00fc\u011f\u00fcn\u00fc duyurmu\u015ftu.<\/p>\n\n\n\n<p>Moskova y\u00f6netimi ise Estonya\u2019daki son olayla ilgili herhangi bir a\u00e7\u0131klama yapmad\u0131.<\/p>\n","protected":false},"excerpt":{"rendered":"<p>Estonya Savunma ve D\u0131\u015fi\u015fleri makamlar\u0131n\u0131n a\u00e7\u0131klamas\u0131na g\u00f6re \u00fc\u00e7 Rus sava\u015f u\u00e7a\u011f\u0131, \u00fclkenin hava sahas\u0131na girerek yakla\u015f\u0131k 12 dakika<\/p>\n","protected":false},"author":1,"featured_media":0,"comment_status":"open","ping_status":"open","sticky":false,"template":"","format":"standard","meta":{"footnotes":""},"categories":[1],"tags":[126,123,124,125,122],"class_list":["post-419","post","type-post","status-publish","format-standard","hentry","category-siyaset","tag-estonia","tag-estonya","tag-nato","tag-russia","tag-rusya"],"_links":{"self":[{"href":"https:\/\/diplomatica.tr\/index.php?rest_route=\/wp\/v2\/posts\/419","targetHints":{"allow":["GET"]}}],"collection":[{"href":"https:\/\/diplomatica.tr\/index.php?rest_route=\/wp\/v2\/posts"}],"about":[{"href":"https:\/\/diplomatica.tr\/index.php?rest_route=\/wp\/v2\/types\/post"}],"author":[{"embeddable":true,"href":"https:\/\/diplomatica.tr\/index.php?rest_route=\/wp\/v2\/users\/1"}],"replies":[{"embeddable":true,"href":"https:\/\/diplomatica.tr\/index.php?rest_route=%2Fwp%2Fv2%2Fcomments&post=419"}],"version-history":[{"count":2,"href":"https:\/\/diplomatica.tr\/index.php?rest_route=\/wp\/v2\/posts\/419\/revisions"}],"predecessor-version":[{"id":424,"href":"https:\/\/diplomatica.tr\/index.php?rest_route=\/wp\/v2\/posts\/419\/revisions\/424"}],"wp:attachment":[{"href":"https:\/\/diplomatica.tr\/index.php?rest_route=%2Fwp%2Fv2%2Fmedia&parent=419"}],"wp:term":[{"taxonomy":"category","embeddable":true,"href":"https:\/\/diplomatica.tr\/index.php?rest_route=%2Fwp%2Fv2%2Fcategories&post=419"},{"taxonomy":"post_tag","embeddable":true,"href":"https:\/\/diplomatica.tr\/index.php?rest_route=%2Fwp%2Fv2%2Ftags&post=419"}],"curies":[{"name":"wp","href":"https:\/\/api.w.org\/{rel}","templated":true}]}}