{"id":399,"date":"2025-09-18T17:21:26","date_gmt":"2025-09-18T14:21:26","guid":{"rendered":"https:\/\/diplomatica.tr\/?p=399"},"modified":"2025-10-07T17:21:43","modified_gmt":"2025-10-07T14:21:43","slug":"turk-devletleri-teskilati-liderleri-biskekte-toplandi","status":"publish","type":"post","link":"https:\/\/diplomatica.tr\/?p=399","title":{"rendered":"T\u00fcrk Devletleri Te\u015fkilat\u0131 Bi\u015fkek&#8217;te Topland\u0131"},"content":{"rendered":"\n<figure class=\"wp-block-image size-full\"><img loading=\"lazy\" decoding=\"async\" width=\"800\" height=\"450\" src=\"https:\/\/diplomatica.tr\/wp-content\/uploads\/2025\/09\/turk-devletleri-teskilati-tdt-2251737-1758101716-1.jpg\" alt=\"\" class=\"wp-image-400\" srcset=\"https:\/\/diplomatica.tr\/wp-content\/uploads\/2025\/09\/turk-devletleri-teskilati-tdt-2251737-1758101716-1.jpg 800w, https:\/\/diplomatica.tr\/wp-content\/uploads\/2025\/09\/turk-devletleri-teskilati-tdt-2251737-1758101716-1-300x169.jpg 300w, https:\/\/diplomatica.tr\/wp-content\/uploads\/2025\/09\/turk-devletleri-teskilati-tdt-2251737-1758101716-1-768x432.jpg 768w\" sizes=\"auto, (max-width: 800px) 100vw, 800px\" \/><\/figure>\n\n\n\n<p>18 Eyl\u00fcl 2025\u2019te T\u00fcrk Devletleri Te\u015fkilat\u0131 (TDT) \u00fcye ve g\u00f6zlemci \u00fclkelerin ba\u015fbakanlar\u0131 ile h\u00fck\u00fcmet yetkilileri, K\u0131rg\u0131zistan\u2019\u0131n ba\u015fkenti Bi\u015fkek\u2019te bir araya geldi. T\u00fcrkiye\u2019yi toplant\u0131da Cumhurba\u015fkan\u0131 Yard\u0131mc\u0131s\u0131 Cevdet Y\u0131lmaz temsil etti.<\/p>\n\n\n\n<p>Toplant\u0131ya kat\u0131lan isimler aras\u0131nda Azerbaycan Ba\u015fbakan\u0131 Ali Asadov, Kazakistan Ba\u015fbakan\u0131 Oljas Bektenov, K\u0131rg\u0131zistan Bakanlar Kurulu Ba\u015fkan\u0131 Ad\u0131lbek Kas\u0131maliyev, \u00d6zbekistan Ba\u015fbakan\u0131 Abdulla Aripov ile TDT Genel Sekreteri Kuban\u0131\u00e7bek \u00d6m\u00fcraliyev yer ald\u0131.<\/p>\n\n\n\n<p>G\u00f6r\u00fc\u015fmede g\u00fcndeme gelen ba\u015fl\u0131ca konular ekonomi, ticaret, yat\u0131r\u0131m, ula\u015f\u0131m, enerji, dijital d\u00f6n\u00fc\u015f\u00fcm ile tar\u0131m sekt\u00f6rlerinde i\u015f birli\u011finin g\u00fc\u00e7lendirilmesi oldu. Ayr\u0131ca te\u015fkilat\u0131n kurumsal yap\u0131s\u0131n\u0131n ve ortak faaliyet mekanizmalar\u0131n\u0131n iyile\u015ftirilmesi \u00fczerine ad\u0131mlar at\u0131lmas\u0131 hedefleniyor.<\/p>\n\n\n\n<p>K\u0131rg\u0131zistan Cumhurba\u015fkan\u0131 Sad\u0131r Caparov, TDT\u2019nin kurulu\u015fundan bu yana kaydetti\u011fi ilerlemelere dikkat \u00e7ekerek, politik irade ile desteklenen somut ve ger\u00e7ek\u00e7i ad\u0131mlar sayesinde te\u015fkilat\u0131n hem g\u00fcc\u00fcn\u00fcn hem de prestijinin artabilece\u011fini ifade etti. Caparov ayr\u0131ca, T\u00fcrk Yat\u0131r\u0131m Fonu\u2019nun ekonomik entegrasyon i\u00e7in etkin bir ara\u00e7 oldu\u011funu ve bu fonun h\u00fck\u00fcmet ba\u015fkanlar\u0131 d\u00fczeyinde daha aktif hale getirilmesi gerekti\u011fini belirtti. <a href=\"https:\/\/www.haberler.com\/politika\/turk-devletleri-teskilati-liderleri-biskek-te-toplandi-19062103-haberi\/\" target=\"_blank\" rel=\"noreferrer noopener\"><\/a><\/p>\n\n\n\n<p><\/p>\n","protected":false},"excerpt":{"rendered":"<p>18 Eyl\u00fcl 2025\u2019te T\u00fcrk Devletleri Te\u015fkilat\u0131 (TDT) \u00fcye ve g\u00f6zlemci \u00fclkelerin ba\u015fbakanlar\u0131 ile h\u00fck\u00fcmet yetkilileri, K\u0131rg\u0131zistan\u2019\u0131n ba\u015fkenti Bi\u015fkek\u2019te<\/p>\n","protected":false},"author":1,"featured_media":0,"comment_status":"open","ping_status":"open","sticky":false,"template":"","format":"standard","meta":{"footnotes":""},"categories":[1],"tags":[133,132],"class_list":["post-399","post","type-post","status-publish","format-standard","hentry","category-siyaset","tag-tdk","tag-turk-devletleri-teskilati"],"_links":{"self":[{"href":"https:\/\/diplomatica.tr\/index.php?rest_route=\/wp\/v2\/posts\/399","targetHints":{"allow":["GET"]}}],"collection":[{"href":"https:\/\/diplomatica.tr\/index.php?rest_route=\/wp\/v2\/posts"}],"about":[{"href":"https:\/\/diplomatica.tr\/index.php?rest_route=\/wp\/v2\/types\/post"}],"author":[{"embeddable":true,"href":"https:\/\/diplomatica.tr\/index.php?rest_route=\/wp\/v2\/users\/1"}],"replies":[{"embeddable":true,"href":"https:\/\/diplomatica.tr\/index.php?rest_route=%2Fwp%2Fv2%2Fcomments&post=399"}],"version-history":[{"count":2,"href":"https:\/\/diplomatica.tr\/index.php?rest_route=\/wp\/v2\/posts\/399\/revisions"}],"predecessor-version":[{"id":402,"href":"https:\/\/diplomatica.tr\/index.php?rest_route=\/wp\/v2\/posts\/399\/revisions\/402"}],"wp:attachment":[{"href":"https:\/\/diplomatica.tr\/index.php?rest_route=%2Fwp%2Fv2%2Fmedia&parent=399"}],"wp:term":[{"taxonomy":"category","embeddable":true,"href":"https:\/\/diplomatica.tr\/index.php?rest_route=%2Fwp%2Fv2%2Fcategories&post=399"},{"taxonomy":"post_tag","embeddable":true,"href":"https:\/\/diplomatica.tr\/index.php?rest_route=%2Fwp%2Fv2%2Ftags&post=399"}],"curies":[{"name":"wp","href":"https:\/\/api.w.org\/{rel}","templated":true}]}}