{"id":396,"date":"2025-09-17T19:42:41","date_gmt":"2025-09-17T16:42:41","guid":{"rendered":"https:\/\/diplomatica.tr\/?p=396"},"modified":"2025-10-07T17:21:38","modified_gmt":"2025-10-07T14:21:38","slug":"avrupa-komisyonu-uyesi-marta-kos-karadag-2028-arnavutluk-ise-2029da-abye-girebilir","status":"publish","type":"post","link":"https:\/\/diplomatica.tr\/?p=396","title":{"rendered":"Avrupa Komisyonu \u00fcyesi Marta Kos: Karada\u011f 2028, Arnavutluk ise 2029&#8217;da AB&#8217;ye Girebilir"},"content":{"rendered":"\n<figure class=\"wp-block-image size-full\"><img loading=\"lazy\" decoding=\"async\" width=\"800\" height=\"450\" src=\"https:\/\/diplomatica.tr\/wp-content\/uploads\/2025\/09\/12812221-e1742504277259-1000x560-1756764710.webp\" alt=\"\" class=\"wp-image-397\" srcset=\"https:\/\/diplomatica.tr\/wp-content\/uploads\/2025\/09\/12812221-e1742504277259-1000x560-1756764710.webp 800w, https:\/\/diplomatica.tr\/wp-content\/uploads\/2025\/09\/12812221-e1742504277259-1000x560-1756764710-300x169.webp 300w, https:\/\/diplomatica.tr\/wp-content\/uploads\/2025\/09\/12812221-e1742504277259-1000x560-1756764710-768x432.webp 768w\" sizes=\"auto, (max-width: 800px) 100vw, 800px\" \/><\/figure>\n\n\n\n<p>Avrupa Birli\u011fi\u2019nin Geni\u015flemeden Sorumlu Komiseri Marta Kos, Slovenya\u2019n\u0131n Bled kentinde d\u00fczenlenen Bled Stratejik Forumunda yapt\u0131\u011f\u0131 a\u00e7\u0131klamada, Karada\u011f\u2019\u0131n 2028\u2019de AB\u2019ye kat\u0131labilecek ilk yeni \u00fcye olabilece\u011fini s\u00f6yledi. Kos, Arnavutluk i\u00e7inse \u00fcyeli\u011fin 2029 y\u0131l\u0131na kadar m\u00fcmk\u00fcn olabilece\u011fini kaydetti.<\/p>\n\n\n\n<h2 class=\"wp-block-heading\">Kos: \u201cAvrupa\u2019n\u0131n birle\u015fme s\u00fcreci\u201d<\/h2>\n\n\n\n<p>Kos, geni\u015flemeyi yaln\u0131zca co\u011frafi b\u00fcy\u00fcme de\u011fil, ayn\u0131 zamanda d\u0131\u015f etkilere kar\u015f\u0131 bir \u201ckoruma mekanizmas\u0131\u201d olarak tan\u0131mlad\u0131. Karada\u011f ile m\u00fczakerelerde teknik s\u00fcrecin 2026\u2019ya kadar tamamlanmas\u0131 halinde, \u00fclkenin 2028\u2019de Avrupa Birli\u011fi&#8217;nin 28. \u00fcyesi olabilece\u011fini belirtti. Arnavutluk i\u00e7inse 2029&#8217;u i\u015faret etti.<\/p>\n\n\n\n<h2 class=\"wp-block-heading\">S\u0131rbistan daha yava\u015f ilerliyor<\/h2>\n\n\n\n<p>Kos, Balkanlar\u2019daki aday \u00fclkeler aras\u0131nda S\u0131rbistan\u2019\u0131n m\u00fczakerelerde daha yava\u015f ilerleme kaydetti\u011fini de belirtti.<\/p>\n\n\n\n<h2 class=\"wp-block-heading\">Slovenya Ba\u015fbakan\u0131 Golob: \u201cTarihi f\u0131rsat penceresi\u201d<\/h2>\n\n\n\n<p>Forumda konu\u015fan Slovenya Ba\u015fbakan\u0131 Robert Golob ise Ukrayna sava\u015f\u0131 sonras\u0131 olu\u015fan yeni jeopolitik ortam\u0131n geni\u015fleme s\u00fcrecine ivme kazand\u0131rd\u0131\u011f\u0131n\u0131 s\u00f6yledi. Golob, Bat\u0131 Balkan \u00fclkelerine \u00e7a\u011fr\u0131da bulunarak, \u201cAvrupa \u015fu anda geni\u015flemeye her zamankinden daha a\u00e7\u0131k. Bu tarihi f\u0131rsat penceresini ka\u00e7\u0131rmamal\u0131s\u0131n\u0131z,\u201d dedi.<\/p>\n\n\n\n<p><\/p>\n","protected":false},"excerpt":{"rendered":"<p>Avrupa Birli\u011fi\u2019nin Geni\u015flemeden Sorumlu Komiseri Marta Kos, Slovenya\u2019n\u0131n Bled kentinde d\u00fczenlenen Bled Stratejik Forumunda yapt\u0131\u011f\u0131 a\u00e7\u0131klamada, Karada\u011f\u2019\u0131n 2028\u2019de<\/p>\n","protected":false},"author":1,"featured_media":0,"comment_status":"open","ping_status":"open","sticky":false,"template":"","format":"standard","meta":{"footnotes":""},"categories":[1],"tags":[139,136,134,137,135,138],"class_list":["post-396","post","type-post","status-publish","format-standard","hentry","category-siyaset","tag-albania","tag-arnavutluk","tag-avrupa-komisyonu","tag-european-commission","tag-karadag","tag-montenegro"],"_links":{"self":[{"href":"https:\/\/diplomatica.tr\/index.php?rest_route=\/wp\/v2\/posts\/396","targetHints":{"allow":["GET"]}}],"collection":[{"href":"https:\/\/diplomatica.tr\/index.php?rest_route=\/wp\/v2\/posts"}],"about":[{"href":"https:\/\/diplomatica.tr\/index.php?rest_route=\/wp\/v2\/types\/post"}],"author":[{"embeddable":true,"href":"https:\/\/diplomatica.tr\/index.php?rest_route=\/wp\/v2\/users\/1"}],"replies":[{"embeddable":true,"href":"https:\/\/diplomatica.tr\/index.php?rest_route=%2Fwp%2Fv2%2Fcomments&post=396"}],"version-history":[{"count":1,"href":"https:\/\/diplomatica.tr\/index.php?rest_route=\/wp\/v2\/posts\/396\/revisions"}],"predecessor-version":[{"id":398,"href":"https:\/\/diplomatica.tr\/index.php?rest_route=\/wp\/v2\/posts\/396\/revisions\/398"}],"wp:attachment":[{"href":"https:\/\/diplomatica.tr\/index.php?rest_route=%2Fwp%2Fv2%2Fmedia&parent=396"}],"wp:term":[{"taxonomy":"category","embeddable":true,"href":"https:\/\/diplomatica.tr\/index.php?rest_route=%2Fwp%2Fv2%2Fcategories&post=396"},{"taxonomy":"post_tag","embeddable":true,"href":"https:\/\/diplomatica.tr\/index.php?rest_route=%2Fwp%2Fv2%2Ftags&post=396"}],"curies":[{"name":"wp","href":"https:\/\/api.w.org\/{rel}","templated":true}]}}