{"id":391,"date":"2025-09-17T19:20:04","date_gmt":"2025-09-17T16:20:04","guid":{"rendered":"https:\/\/diplomatica.tr\/?p=391"},"modified":"2025-10-07T17:21:33","modified_gmt":"2025-10-07T14:21:33","slug":"apple-vision-pro-gozluk-kullananlar-icin-guncelleniyor","status":"publish","type":"post","link":"https:\/\/diplomatica.tr\/?p=391","title":{"rendered":"Apple Vision Pro g\u00f6zl\u00fck kullananlar i\u00e7in g\u00fcncelleniyor!"},"content":{"rendered":"\n<figure class=\"wp-block-gallery has-nested-images columns-default is-cropped wp-block-gallery-1 is-layout-flex wp-block-gallery-is-layout-flex\">\n<figure class=\"wp-block-image size-large\"><img loading=\"lazy\" decoding=\"async\" width=\"600\" height=\"337\" data-id=\"392\" src=\"https:\/\/diplomatica.tr\/wp-content\/uploads\/2025\/09\/IMG_1506.webp\" alt=\"\" class=\"wp-image-392\" srcset=\"https:\/\/diplomatica.tr\/wp-content\/uploads\/2025\/09\/IMG_1506.webp 600w, https:\/\/diplomatica.tr\/wp-content\/uploads\/2025\/09\/IMG_1506-300x169.webp 300w\" sizes=\"auto, (max-width: 600px) 100vw, 600px\" \/><\/figure>\n<\/figure>\n\n\n\n<p>Apple, visionOS 26 ile birlikte g\u00f6zl\u00fck kullanan kullan\u0131c\u0131lar\u0131n Apple Vision Pro kullanmas\u0131n\u0131 kolayla\u015ft\u0131racak.<\/p>\n\n\n\n<p>Apple\u2019\u0131n uzamsal bilgisayar\u0131n\u0131n lansman\u0131ndan bu yana, ZEISS Optik Ek Par\u00e7alar\u0131 i\u00e7in prism de\u011feri i\u00e7eren g\u00f6zl\u00fck re\u00e7etelerine sahip kullan\u0131c\u0131lar i\u00e7in bir uyar\u0131 bulunuyordu. Bu uyar\u0131, prizma de\u011ferli re\u00e7etelerle uyumlu ZEISS optik eklerinin mevcut olmad\u0131\u011f\u0131n\u0131 belirtiyordu. Bu durum, \u00f6zellikle g\u00f6zlerinde hizalama sorunu olan ve re\u00e7etelerinde prizma de\u011feri yer alan kullan\u0131c\u0131lar i\u00e7in Vision Pro deneyimini k\u0131s\u0131tl\u0131yordu. visionOS 26 ile bu sorun \u00e7\u00f6z\u00fclecek gibi duruyor. \u0130\u015fte detaylar.<\/p>\n\n\n\n<h2 class=\"wp-block-heading\">visionOS 26 ile dijital prizma d\u00fczeltme \u00f6zelli\u011fi<br><br><\/h2>\n\n\n\n<p>Ancak visionOS 26 ile birlikte bu durum de\u011fi\u015fiyor. Art\u0131k bu uyar\u0131 kald\u0131r\u0131ld\u0131 ve yepyeni bir yaz\u0131l\u0131msal \u00f6zellik olan \u201cDijital Prizma D\u00fczeltme\u201d eklendi. Amerika Birle\u015fik Devletleri ve belirli ABD b\u00f6lgelerindeki kullan\u0131c\u0131lar, Ayarlar b\u00f6l\u00fcm\u00fcne girerek yeni \u201cPrizma Re\u00e7etesi Ekle\u201d se\u00e7ene\u011fiyle bu \u00f6zelli\u011fi aktif hale getirebiliyor.<\/p>\n\n\n\n<p>Kullan\u0131c\u0131lar, bu yeni \u00f6zellik sayesinde re\u00e7etelerindeki prizma de\u011ferlerini do\u011frudan Vision Pro\u2019ya girebiliyor. Ancak bu \u00f6zelli\u011fin belirli s\u0131n\u0131rlar\u0131 bulunuyor:<\/p>\n\n\n\n<ul class=\"wp-block-list\">\n<li>Dijital Prizma D\u00fczeltme \u00f6zelli\u011fi, yatay (taban i\u00e7eri\/d\u0131\u015far\u0131) ve\/veya dikey (taban yukar\u0131\/a\u015fa\u011f\u0131) y\u00f6nlerde 7.75 Prizma Diyoptri (PD)\u2019ye kadar olan re\u00e7eteleri destekliyor.<\/li>\n\n\n\n<li>Ayn\u0131 zamanda polar y\u00f6ndeki (0-359\u00b0) e\u015fde\u011fer aral\u0131\u011f\u0131 da kaps\u0131yor.<\/li>\n<\/ul>\n\n\n\n<figure class=\"wp-block-gallery has-nested-images columns-default is-cropped wp-block-gallery-2 is-layout-flex wp-block-gallery-is-layout-flex\">\n<figure class=\"wp-block-image size-large\"><img loading=\"lazy\" decoding=\"async\" width=\"1024\" height=\"576\" data-id=\"394\" src=\"https:\/\/diplomatica.tr\/wp-content\/uploads\/2025\/09\/IMG_1507-1024x576.jpeg\" alt=\"\" class=\"wp-image-394\" srcset=\"https:\/\/diplomatica.tr\/wp-content\/uploads\/2025\/09\/IMG_1507-1024x576.jpeg 1024w, https:\/\/diplomatica.tr\/wp-content\/uploads\/2025\/09\/IMG_1507-300x169.jpeg 300w, https:\/\/diplomatica.tr\/wp-content\/uploads\/2025\/09\/IMG_1507-768x432.jpeg 768w, https:\/\/diplomatica.tr\/wp-content\/uploads\/2025\/09\/IMG_1507.jpeg 1280w\" sizes=\"auto, (max-width: 1024px) 100vw, 1024px\" \/><\/figure>\n<\/figure>\n\n\n\n<p>DOOGEE taraf\u0131ndan geli\u015ftirilen ve \u00fcst\u00fcn dayan\u0131kl\u0131l\u0131\u011f\u0131 ile \u00f6ne \u00e7\u0131kan S200 serisi amiral gemisi \u00f6zellikleri ile tan\u0131t\u0131ld\u0131.<\/p>\n\n\n\n<p>Bu prizma de\u011ferleri, optik eklerinizle ili\u015fkilendiriliyor, bu sayede tek bir cihazda birden fazla optik ek seti kullanmaya devam edebiliyorsunuz. Ayr\u0131ca, bu ayarlar\u0131n\u0131z\u0131 bir misafir profiline de kaydedebiliyorsunuz, b\u00f6ylece Vision Pro\u2019nuzu kullanan di\u011fer ki\u015filer de bu d\u00fczeltmeden faydalanabiliyor.<\/p>\n\n\n\n<p>Peki siz bu konu hakk\u0131nda ne d\u00fc\u015f\u00fcn\u00fcyorsunuz? D\u00fc\u015f\u00fcncelerinizi yorumlarda payla\u015fabilirsiniz.<\/p>\n","protected":false},"excerpt":{"rendered":"<p>Apple, visionOS 26 ile birlikte g\u00f6zl\u00fck kullanan kullan\u0131c\u0131lar\u0131n Apple Vision Pro kullanmas\u0131n\u0131 kolayla\u015ft\u0131racak. Apple\u2019\u0131n uzamsal bilgisayar\u0131n\u0131n lansman\u0131ndan bu<\/p>\n","protected":false},"author":2,"featured_media":0,"comment_status":"open","ping_status":"open","sticky":false,"template":"","format":"standard","meta":{"footnotes":""},"categories":[9],"tags":[31],"class_list":["post-391","post","type-post","status-publish","format-standard","hentry","category-teknoloji","tag-apple-vision-pro-gozluk"],"_links":{"self":[{"href":"https:\/\/diplomatica.tr\/index.php?rest_route=\/wp\/v2\/posts\/391","targetHints":{"allow":["GET"]}}],"collection":[{"href":"https:\/\/diplomatica.tr\/index.php?rest_route=\/wp\/v2\/posts"}],"about":[{"href":"https:\/\/diplomatica.tr\/index.php?rest_route=\/wp\/v2\/types\/post"}],"author":[{"embeddable":true,"href":"https:\/\/diplomatica.tr\/index.php?rest_route=\/wp\/v2\/users\/2"}],"replies":[{"embeddable":true,"href":"https:\/\/diplomatica.tr\/index.php?rest_route=%2Fwp%2Fv2%2Fcomments&post=391"}],"version-history":[{"count":2,"href":"https:\/\/diplomatica.tr\/index.php?rest_route=\/wp\/v2\/posts\/391\/revisions"}],"predecessor-version":[{"id":395,"href":"https:\/\/diplomatica.tr\/index.php?rest_route=\/wp\/v2\/posts\/391\/revisions\/395"}],"wp:attachment":[{"href":"https:\/\/diplomatica.tr\/index.php?rest_route=%2Fwp%2Fv2%2Fmedia&parent=391"}],"wp:term":[{"taxonomy":"category","embeddable":true,"href":"https:\/\/diplomatica.tr\/index.php?rest_route=%2Fwp%2Fv2%2Fcategories&post=391"},{"taxonomy":"post_tag","embeddable":true,"href":"https:\/\/diplomatica.tr\/index.php?rest_route=%2Fwp%2Fv2%2Ftags&post=391"}],"curies":[{"name":"wp","href":"https:\/\/api.w.org\/{rel}","templated":true}]}}