{"id":384,"date":"2025-09-17T19:12:48","date_gmt":"2025-09-17T16:12:48","guid":{"rendered":"https:\/\/diplomatica.tr\/?p=384"},"modified":"2025-10-07T17:21:28","modified_gmt":"2025-10-07T14:21:28","slug":"xiaomi-17-pro-kamerasi-ile-sov-yapacak","status":"publish","type":"post","link":"https:\/\/diplomatica.tr\/?p=384","title":{"rendered":"Xiaomi 17 Pro kameras\u0131 ile \u015fov yapacak"},"content":{"rendered":"\n<p>Xiaomi&#8217;nin iPhone 17 Pro rakibi telefonu Xiaomi 17 Pro kamera \u00f6zellikleri ile \u015fov yapacak gibi g\u00f6r\u00fcn\u00fcyor. \u0130\u015fte detaylar.<\/p>\n\n\n\n<figure class=\"wp-block-gallery has-nested-images columns-default is-cropped wp-block-gallery-1 is-layout-flex wp-block-gallery-is-layout-flex\">\n<figure class=\"wp-block-image size-large\"><img loading=\"lazy\" decoding=\"async\" width=\"1024\" height=\"576\" data-id=\"385\" src=\"https:\/\/diplomatica.tr\/wp-content\/uploads\/2025\/09\/IMG_1504-1-1024x576.webp\" alt=\"\" class=\"wp-image-385\" srcset=\"https:\/\/diplomatica.tr\/wp-content\/uploads\/2025\/09\/IMG_1504-1-1024x576.webp 1024w, https:\/\/diplomatica.tr\/wp-content\/uploads\/2025\/09\/IMG_1504-1-300x169.webp 300w, https:\/\/diplomatica.tr\/wp-content\/uploads\/2025\/09\/IMG_1504-1-768x432.webp 768w, https:\/\/diplomatica.tr\/wp-content\/uploads\/2025\/09\/IMG_1504-1.webp 1280w\" sizes=\"auto, (max-width: 1024px) 100vw, 1024px\" \/><\/figure>\n<\/figure>\n\n\n\n<p>Xiaomi\u2019nin, Apple\u2019a rakip olmak i\u00e7in 16 serisini atlayarak do\u011frudan piyasaya s\u00fcrece\u011fi merakla beklenen Xiaomi 17 ailesi i\u00e7in geri say\u0131m ba\u015flad\u0131. Bu ay i\u00e7inde yap\u0131lmas\u0131 beklenen lansman \u00f6ncesinde, serinin en iddial\u0131 modellerinden biri olan&nbsp;<strong>Xiaomi 17 Pro<\/strong>\u2018nun kamera yetenekleriyle ilgili kritik detaylar \u00c7in\u2019den s\u0131zd\u0131r\u0131ld\u0131. Gelen bilgiler, Xiaomi\u2019nin foto\u011fraf\u00e7\u0131l\u0131k konusundaki iddias\u0131n\u0131 bir \u00fcst seviyeye ta\u015f\u0131yaca\u011f\u0131n\u0131 g\u00f6steriyor.<\/p>\n\n\n\n<h2 class=\"wp-block-heading\">Xiaomi 17 Pro kamera \u00f6zellikleri ile \u00f6n plana \u00e7\u0131kacak<\/h2>\n\n\n\n<p>S\u0131z\u0131nt\u0131lara g\u00f6re, Xiaomi 17 Pro\u2019nun arkas\u0131nda yine&nbsp;<strong>Leica<\/strong>&nbsp;imzas\u0131n\u0131 ta\u015f\u0131yan g\u00fc\u00e7l\u00fc bir \u00fc\u00e7l\u00fc kamera kurulumu yer alacak. Telefonun,&nbsp;<strong>f\/1.67<\/strong>&nbsp;gibi olduk\u00e7a geni\u015f bir diyafram a\u00e7\u0131kl\u0131\u011f\u0131na sahip&nbsp;<strong>50 MP\u2019lik bir ana kameraya<\/strong>&nbsp;sahip olaca\u011f\u0131 belirtiliyor. Bu geni\u015f diyafram, \u00f6zellikle d\u00fc\u015f\u00fck \u0131\u015f\u0131k ko\u015fullar\u0131nda daha parlak ve net foto\u011fraflar \u00e7ekilmesini sa\u011flayacak.<\/p>\n\n\n\n<p>Ancak as\u0131l dikkat \u00e7eken nokta,&nbsp;<strong>115 mm odak uzakl\u0131\u011f\u0131 ve f\/3.0 diyafram sunan telefoto kamera<\/strong>. Bu teknik de\u011ferler, telefonun kay\u0131ps\u0131z bir \u015fekilde&nbsp;<strong>5x optik yak\u0131nla\u015ft\u0131rma<\/strong>&nbsp;kapasitesine sahip olaca\u011f\u0131 anlam\u0131na geliyor. Bu \u00f6zellik, Xiaomi 17 Pro\u2019yu uzaktaki nesneleri net bir \u015fekilde \u00e7ekme konusunda olduk\u00e7a yetenekli k\u0131lacak. Sistemi, 17 mm odak uzakl\u0131\u011f\u0131na sahip bir ultra geni\u015f a\u00e7\u0131l\u0131 kamera tamamlayacak.<\/p>\n\n\n\n<figure class=\"wp-block-gallery has-nested-images columns-default is-cropped wp-block-gallery-2 is-layout-flex wp-block-gallery-is-layout-flex\">\n<figure class=\"wp-block-image size-large\"><img loading=\"lazy\" decoding=\"async\" width=\"1024\" height=\"837\" data-id=\"387\" src=\"https:\/\/diplomatica.tr\/wp-content\/uploads\/2025\/09\/IMG_1505-1024x837.webp\" alt=\"\" class=\"wp-image-387\" srcset=\"https:\/\/diplomatica.tr\/wp-content\/uploads\/2025\/09\/IMG_1505-1024x837.webp 1024w, https:\/\/diplomatica.tr\/wp-content\/uploads\/2025\/09\/IMG_1505-300x245.webp 300w, https:\/\/diplomatica.tr\/wp-content\/uploads\/2025\/09\/IMG_1505-768x628.webp 768w, https:\/\/diplomatica.tr\/wp-content\/uploads\/2025\/09\/IMG_1505-1536x1256.webp 1536w, https:\/\/diplomatica.tr\/wp-content\/uploads\/2025\/09\/IMG_1505-2048x1674.webp 2048w\" sizes=\"auto, (max-width: 1024px) 100vw, 1024px\" \/><\/figure>\n<\/figure>\n\n\n\n<p>S\u0131z\u0131nt\u0131daki en ilgin\u00e7 bilgilerden biri ise&nbsp;<strong>Xiaomi 17 Pro Max<\/strong>&nbsp;modelinin, Pro\u2019dan&nbsp;<strong>farkl\u0131 bir kamera kurulumuna<\/strong>&nbsp;sahip olaca\u011f\u0131 iddias\u0131. Bu durum, Xiaomi\u2019nin \u201cayn\u0131 telefon, farkl\u0131 boyut\u201d stratejisinden uzakla\u015farak, Pro ve Pro Max modelleri aras\u0131nda kamera yetenekleri gibi donan\u0131msal farklar yarataca\u011f\u0131n\u0131 g\u00f6steriyor. B\u00f6ylece Pro Max, sadece daha b\u00fcy\u00fck bir ekran ve batarya sunmakla kalmay\u0131p, muhtemelen daha da geli\u015fmi\u015f bir kamera sistemiyle foto\u011fraf\u00e7\u0131l\u0131kta en tepe noktay\u0131 hedefleyecek.<\/p>\n\n\n\n<p>Di\u011fer yandan, standart\u00a0<strong>Xiaomi 17<\/strong>modelinin ise Pro ile benzer boyutlarda (daha \u00f6nceki s\u0131z\u0131nt\u0131lar 6,3 in\u00e7 ekrana i\u015faret ediyordu) olmas\u0131, ancak daha m\u00fctevaz\u0131 bir kamera kurulumuyla gelmesi bekleniyor.<br><br><br>Xiaomi 17, 17 Pro ve 17 Pro Max modellerinin bu ay sonunda resmi olarak tan\u0131t\u0131lmas\u0131 bekleniyor. Bu yeni bilgiler, \u015firketin kamera performans\u0131na ne kadar odakland\u0131\u011f\u0131n\u0131 ve \u00fcr\u00fcn gam\u0131n\u0131 daha belirgin \u00e7izgilerle ay\u0131rmaya ba\u015flad\u0131\u011f\u0131n\u0131 net bir \u015fekilde ortaya koyuyor.<\/p>\n","protected":false},"excerpt":{"rendered":"<p>Xiaomi&#8217;nin iPhone 17 Pro rakibi telefonu Xiaomi 17 Pro kamera \u00f6zellikleri ile \u015fov yapacak gibi g\u00f6r\u00fcn\u00fcyor. \u0130\u015fte detaylar.<\/p>\n","protected":false},"author":2,"featured_media":0,"comment_status":"open","ping_status":"open","sticky":false,"template":"","format":"standard","meta":{"footnotes":""},"categories":[9],"tags":[29,28,30],"class_list":["post-384","post","type-post","status-publish","format-standard","hentry","category-teknoloji","tag-cin","tag-ixiomi-17-pro","tag-yeni-telefon"],"_links":{"self":[{"href":"https:\/\/diplomatica.tr\/index.php?rest_route=\/wp\/v2\/posts\/384","targetHints":{"allow":["GET"]}}],"collection":[{"href":"https:\/\/diplomatica.tr\/index.php?rest_route=\/wp\/v2\/posts"}],"about":[{"href":"https:\/\/diplomatica.tr\/index.php?rest_route=\/wp\/v2\/types\/post"}],"author":[{"embeddable":true,"href":"https:\/\/diplomatica.tr\/index.php?rest_route=\/wp\/v2\/users\/2"}],"replies":[{"embeddable":true,"href":"https:\/\/diplomatica.tr\/index.php?rest_route=%2Fwp%2Fv2%2Fcomments&post=384"}],"version-history":[{"count":3,"href":"https:\/\/diplomatica.tr\/index.php?rest_route=\/wp\/v2\/posts\/384\/revisions"}],"predecessor-version":[{"id":389,"href":"https:\/\/diplomatica.tr\/index.php?rest_route=\/wp\/v2\/posts\/384\/revisions\/389"}],"wp:attachment":[{"href":"https:\/\/diplomatica.tr\/index.php?rest_route=%2Fwp%2Fv2%2Fmedia&parent=384"}],"wp:term":[{"taxonomy":"category","embeddable":true,"href":"https:\/\/diplomatica.tr\/index.php?rest_route=%2Fwp%2Fv2%2Fcategories&post=384"},{"taxonomy":"post_tag","embeddable":true,"href":"https:\/\/diplomatica.tr\/index.php?rest_route=%2Fwp%2Fv2%2Ftags&post=384"}],"curies":[{"name":"wp","href":"https:\/\/api.w.org\/{rel}","templated":true}]}}