{"id":343,"date":"2025-09-17T17:58:40","date_gmt":"2025-09-17T14:58:40","guid":{"rendered":"https:\/\/diplomatica.tr\/?p=343"},"modified":"2025-10-07T17:21:07","modified_gmt":"2025-10-07T14:21:07","slug":"343","status":"publish","type":"post","link":"https:\/\/diplomatica.tr\/?p=343","title":{"rendered":"Tesla ve Uber Freight i\u015fbirli\u011fi elektrikli Semi t\u0131rlar\u0131n\u0131 daha eri\u015filebilir k\u0131l\u0131yor"},"content":{"rendered":"\n<figure class=\"wp-block-gallery has-nested-images columns-default is-cropped wp-block-gallery-1 is-layout-flex wp-block-gallery-is-layout-flex\">\n<figure class=\"wp-block-image size-large\"><img loading=\"lazy\" decoding=\"async\" width=\"1024\" height=\"683\" data-id=\"345\" src=\"https:\/\/diplomatica.tr\/wp-content\/uploads\/2025\/09\/IMG_1496-1024x683.jpeg\" alt=\"\" class=\"wp-image-345\" srcset=\"https:\/\/diplomatica.tr\/wp-content\/uploads\/2025\/09\/IMG_1496-1024x683.jpeg 1024w, https:\/\/diplomatica.tr\/wp-content\/uploads\/2025\/09\/IMG_1496-300x200.jpeg 300w, https:\/\/diplomatica.tr\/wp-content\/uploads\/2025\/09\/IMG_1496-768x512.jpeg 768w, https:\/\/diplomatica.tr\/wp-content\/uploads\/2025\/09\/IMG_1496.jpeg 1500w\" sizes=\"auto, (max-width: 1024px) 100vw, 1024px\" \/><\/figure>\n<\/figure>\n\n\n\n<h2 class=\"wp-block-heading\"><\/h2>\n\n\n\n<p>Tesla ve Uber Freight, elektrikli Semi t\u0131rlar\u0131n\u0131 filo sahipleri i\u00e7in daha eri\u015filebilir hale getirdi. Program, fiyat deste\u011fi ve \u00f6nceden planlanm\u0131\u015f g\u00fczergahlarla verimli kullan\u0131m sunuyor.<\/p>\n\n\n\n<p>Uber Freight, elektrikli a\u011f\u0131r y\u00fck ta\u015f\u0131mac\u0131l\u0131\u011f\u0131na ge\u00e7i\u015fi h\u0131zland\u0131rmak i\u00e7in Tesla ile ortak bir program ba\u015flatt\u0131. \u201cDedicated EV Fleet Accelerator Program\u201d olarak adland\u0131r\u0131lan bu giri\u015fim, elektrikli Class 8 t\u0131rlar\u0131n en b\u00fcy\u00fck engeli olan \u00f6n \u00f6deme maliyetini azaltmay\u0131 hedefliyor.<br>Elektrikli Semi t\u0131rlar\u0131na destek<br>Program kapsam\u0131nda elektrikli Tesla Semi t\u0131rlar\u0131n\u0131 sat\u0131n alan filo sahipleri fiyat deste\u011fi alacak ve t\u0131rlar, Uber Freight\u2019in \u00f6nceden planlanm\u0131\u015f g\u00fczergah ve y\u00fckleme a\u011flar\u0131 ile Tesla Semi \u015earj a\u011f\u0131na entegre \u00e7al\u0131\u015facak. Bu sayede filolar, elektrikli t\u0131rlar\u0131 verimli bir \u015fekilde kullanabilecek ve gelirlerini \u00f6nceden \u00f6ng\u00f6rebilecek. Uber Freight, t\u0131rlar\u0131n s\u00fcrekli ve kaliteli y\u00fcklerle e\u015fle\u015ftirilmesini sa\u011flayarak yat\u0131r\u0131m\u0131n geri d\u00f6n\u00fc\u015f\u00fcn\u00fc garanti alt\u0131na almay\u0131 ama\u00e7l\u0131yor.<\/p>\n\n\n\n<p>Bu ad\u0131m, Uber\u2019in daha \u00f6nce yolcu ta\u015f\u0131mac\u0131l\u0131\u011f\u0131nda Tesla ara\u00e7lar\u0131yla kurdu\u011fu i\u015f birli\u011fine benzer bir stratejiyi yans\u0131t\u0131yor. \u00d6nceki programda Uber s\u00fcr\u00fcc\u00fcleri Tesla ara\u00e7lar\u0131n\u0131 indirimli fiyatla sat\u0131n alabiliyor, Tesla ise Uber uygulamas\u0131n\u0131 ara\u00e7 navigasyon sistemiyle entegre ederek yaln\u0131zca menzil dahilindeki yolculuklar\u0131 \u00f6neriyordu. \u015eimdi ayn\u0131 yakla\u015f\u0131m Tesla Semi t\u0131rlar\u0131 i\u00e7in Uber Freight yaz\u0131l\u0131m\u0131 ile uygulanacak.<\/p>\n\n\n\n<h2 class=\"wp-block-heading\"><strong>Seri \u00fcretim 2026\u2019da<\/strong><\/h2>\n\n\n\n<p class=\"has-text-align-left\">Yeni program\u0131n t\u00fcm detaylar\u0131 ise hen\u00fcz belli de\u011fil. Uber ve Tesla\u2019n\u0131n ne kadar s\u00fcbvansiyon sa\u011flayaca\u011f\u0131 ve Tesla Semi\u2019nin g\u00fcncel fiyat\u0131 a\u00e7\u0131klanm\u0131\u015f de\u011fil. 2017\u2019de duyurulan fiyatlar, 480 km\u2019lik model i\u00e7in 150.000 dolar, 80 km\u2019lik model i\u00e7in ise 180.000 dolar olarak belirtilmi\u015fti. Ancak \u00fcretim gecikmeleri ve fiyat art\u0131\u015flar\u0131 nedeniyle rakamlar g\u00fcncellenmedi. Ge\u00e7ti\u011fimiz d\u00f6nemde Tesla Semi test filosu i\u00e7in finansman ba\u015fvurusu yapan Ryder, fiyat art\u0131\u015f\u0131n\u0131n \u2018dramaetik\u2019 oldu\u011funu belirterek fiyat\u0131n neredeyse iki kat\u0131na \u00e7\u0131km\u0131\u015f olabilece\u011fini raporlam\u0131\u015ft\u0131.Tesla Semi\u2019nin seri \u00fcretiminin 2026\u2019da ba\u015flamas\u0131 bekleniyor. \u00dcretici ayr\u0131ca Megacharger istasyonlar\u0131 kurmaya ba\u015flad\u0131. Bu h\u0131zl\u0131 \u015farj istasyonlar\u0131, \u00f6zellikle Tesla Semi gibi ticari elektrikli ara\u00e7lar i\u00e7in tasarlanm\u0131\u015f durumda.<\/p>\n\n\n\n<figure class=\"wp-block-gallery has-nested-images columns-default is-cropped wp-block-gallery-2 is-layout-flex wp-block-gallery-is-layout-flex\">\n<figure class=\"wp-block-image size-large\"><img loading=\"lazy\" decoding=\"async\" width=\"1024\" height=\"682\" data-id=\"350\" src=\"https:\/\/diplomatica.tr\/wp-content\/uploads\/2025\/09\/IMG_1497-1024x682.jpeg\" alt=\"\" class=\"wp-image-350\" srcset=\"https:\/\/diplomatica.tr\/wp-content\/uploads\/2025\/09\/IMG_1497-1024x682.jpeg 1024w, https:\/\/diplomatica.tr\/wp-content\/uploads\/2025\/09\/IMG_1497-300x200.jpeg 300w, https:\/\/diplomatica.tr\/wp-content\/uploads\/2025\/09\/IMG_1497-768x511.jpeg 768w, https:\/\/diplomatica.tr\/wp-content\/uploads\/2025\/09\/IMG_1497.jpeg 1440w\" sizes=\"auto, (max-width: 1024px) 100vw, 1024px\" \/><\/figure>\n<\/figure>\n\n\n\n<p><\/p>\n","protected":false},"excerpt":{"rendered":"<p>Tesla ve Uber Freight, elektrikli Semi t\u0131rlar\u0131n\u0131 filo sahipleri i\u00e7in daha eri\u015filebilir hale getirdi. Program, fiyat deste\u011fi ve<\/p>\n","protected":false},"author":2,"featured_media":0,"comment_status":"open","ping_status":"open","sticky":false,"template":"","format":"standard","meta":{"footnotes":""},"categories":[9],"tags":[21,22],"class_list":["post-343","post","type-post","status-publish","format-standard","hentry","category-teknoloji","tag-tesla","tag-tesla-yeni"],"_links":{"self":[{"href":"https:\/\/diplomatica.tr\/index.php?rest_route=\/wp\/v2\/posts\/343","targetHints":{"allow":["GET"]}}],"collection":[{"href":"https:\/\/diplomatica.tr\/index.php?rest_route=\/wp\/v2\/posts"}],"about":[{"href":"https:\/\/diplomatica.tr\/index.php?rest_route=\/wp\/v2\/types\/post"}],"author":[{"embeddable":true,"href":"https:\/\/diplomatica.tr\/index.php?rest_route=\/wp\/v2\/users\/2"}],"replies":[{"embeddable":true,"href":"https:\/\/diplomatica.tr\/index.php?rest_route=%2Fwp%2Fv2%2Fcomments&post=343"}],"version-history":[{"count":7,"href":"https:\/\/diplomatica.tr\/index.php?rest_route=\/wp\/v2\/posts\/343\/revisions"}],"predecessor-version":[{"id":355,"href":"https:\/\/diplomatica.tr\/index.php?rest_route=\/wp\/v2\/posts\/343\/revisions\/355"}],"wp:attachment":[{"href":"https:\/\/diplomatica.tr\/index.php?rest_route=%2Fwp%2Fv2%2Fmedia&parent=343"}],"wp:term":[{"taxonomy":"category","embeddable":true,"href":"https:\/\/diplomatica.tr\/index.php?rest_route=%2Fwp%2Fv2%2Fcategories&post=343"},{"taxonomy":"post_tag","embeddable":true,"href":"https:\/\/diplomatica.tr\/index.php?rest_route=%2Fwp%2Fv2%2Ftags&post=343"}],"curies":[{"name":"wp","href":"https:\/\/api.w.org\/{rel}","templated":true}]}}