{"id":342,"date":"2025-09-17T17:33:02","date_gmt":"2025-09-17T14:33:02","guid":{"rendered":"https:\/\/diplomatica.tr\/?p=342"},"modified":"2025-10-07T17:21:24","modified_gmt":"2025-10-07T14:21:24","slug":"fransa-18-eylule-hazirlaniyor-sari-yeleklilerden-sonra-en-buyuk-protesto","status":"publish","type":"post","link":"https:\/\/diplomatica.tr\/?p=342","title":{"rendered":"\u201cFransa 18 Eyl\u00fcl\u2019e Haz\u0131rlan\u0131yor: Sar\u0131 Yelekliler\u2019den Sonra En B\u00fcy\u00fck Protesto\u201d"},"content":{"rendered":"\n<figure class=\"wp-block-image size-large\"><img loading=\"lazy\" decoding=\"async\" width=\"1024\" height=\"576\" src=\"https:\/\/diplomatica.tr\/wp-content\/uploads\/2025\/09\/1536x864_cmsv2_59cae638-577d-5795-b44c-24a4b87590d7-9470447-1024x576.webp\" alt=\"\" class=\"wp-image-344\" srcset=\"https:\/\/diplomatica.tr\/wp-content\/uploads\/2025\/09\/1536x864_cmsv2_59cae638-577d-5795-b44c-24a4b87590d7-9470447-1024x576.webp 1024w, https:\/\/diplomatica.tr\/wp-content\/uploads\/2025\/09\/1536x864_cmsv2_59cae638-577d-5795-b44c-24a4b87590d7-9470447-300x169.webp 300w, https:\/\/diplomatica.tr\/wp-content\/uploads\/2025\/09\/1536x864_cmsv2_59cae638-577d-5795-b44c-24a4b87590d7-9470447-768x432.webp 768w, https:\/\/diplomatica.tr\/wp-content\/uploads\/2025\/09\/1536x864_cmsv2_59cae638-577d-5795-b44c-24a4b87590d7-9470447.webp 1536w\" sizes=\"auto, (max-width: 1024px) 100vw, 1024px\" \/><\/figure>\n\n\n\n<p>Fransa, Per\u015fembe g\u00fcn\u00fc son y\u0131llar\u0131n en b\u00fcy\u00fck toplumsal hareketlerinden birine sahne olacak. \u00dclke genelinde 250\u2019den fazla miting planlan\u0131rken, ula\u015f\u0131m, e\u011fitim, sa\u011fl\u0131k ve enerji sekt\u00f6rlerinde ciddi aksamalar ya\u015fanacak. Yetkililer, kat\u0131l\u0131m\u0131n 800 bini a\u015fabilece\u011fini \u00f6ng\u00f6r\u00fcyor. Bu eylem, 2018\u2019deki Sar\u0131 Yelekliler hareketinden sonra Fransa\u2019da g\u00f6r\u00fclen en b\u00fcy\u00fck kitlesel protesto olarak kayda ge\u00e7meye haz\u0131rlan\u0131yor.<\/p>\n\n\n\n<h2 class=\"wp-block-heading\">Grevin Nedeni<\/h2>\n\n\n\n<p>Grev, bu yaz g\u00fcven oylamas\u0131yla d\u00fc\u015fen eski Ba\u015fbakan Fran\u00e7ois Bayrou\u2019nun \u00f6nerdi\u011fi ve yeni Ba\u015fbakan S\u00e9bastien Lecornu\u2019nun b\u00fcy\u00fck \u00f6l\u00e7\u00fcde s\u00fcrd\u00fcrd\u00fc\u011f\u00fc b\u00fct\u00e7e tedbirlerine kar\u015f\u0131 yap\u0131l\u0131yor.<br>\u00d6ne \u00e7\u0131kan tedbirler aras\u0131nda:<\/p>\n\n\n\n<ul class=\"wp-block-list\">\n<li>\u0130\u015fsizlik yard\u0131mlar\u0131n\u0131n k\u0131s\u0131tlanmas\u0131,<\/li>\n\n\n\n<li>Emekli maa\u015flar\u0131n\u0131n enflasyondan ba\u011f\u0131ms\u0131zla\u015ft\u0131r\u0131lmas\u0131,<\/li>\n\n\n\n<li>Cepten sa\u011fl\u0131k harcamalar\u0131n\u0131n art\u0131r\u0131lmas\u0131 bulunuyor.<\/li>\n<\/ul>\n\n\n\n<p>Sendikalar bu d\u00fczenlemeleri \u201cbenzeri g\u00f6r\u00fclmemi\u015f bir ac\u0131mas\u0131zl\u0131k\u201d olarak nitelendiriyor.<\/p>\n\n\n\n<h2 class=\"wp-block-heading\">Mitingler Nerelerde?<\/h2>\n\n\n\n<p>Protestolar \u00fclkenin t\u00fcm b\u00fcy\u00fck \u015fehirlerinde d\u00fczenlenecek:<br>Paris, Lyon, Marsilya, Toulouse, Nice, Rennes, Lille, Montpellier, Nimes ve Perpignan.<br>Paris\u2019te y\u00fcr\u00fcy\u00fc\u015f 14:00\u2019te Bastille Meydan\u0131\u2019ndan ba\u015flay\u0131p Nation Meydan\u0131\u2019na ilerleyecek.<\/p>\n\n\n\n<h2 class=\"wp-block-heading\">Ula\u015f\u0131m ve Kamu Hizmetlerinde Aksamalar<\/h2>\n\n\n\n<ul class=\"wp-block-list\">\n<li><strong>Okullar:<\/strong> \u00d6\u011fretmenlerin \u00fc\u00e7te biri greve kat\u0131l\u0131yor.<\/li>\n\n\n\n<li><strong>Hastaneler:<\/strong> Paris b\u00f6lgesinde sa\u011fl\u0131k \u00e7al\u0131\u015fanlar\u0131 greve gidiyor.<\/li>\n\n\n\n<li><strong>Eczaneler:<\/strong> %98 oran\u0131nda kapal\u0131 kalacak.<\/li>\n\n\n\n<li><strong>Enerji:<\/strong> Elektrik ve gaz i\u015f\u00e7ileri tesisler \u00f6n\u00fcnde miting d\u00fczenleyecek.<\/li>\n<\/ul>\n\n\n\n<h2 class=\"wp-block-heading\">G\u00fcvenlik \u00d6nlemleri<\/h2>\n\n\n\n<p>\u0130\u00e7i\u015fleri Bakanl\u0131\u011f\u0131, \u201cSar\u0131 Yelekliler d\u00f6neminden bu yana\u201d en geni\u015f g\u00fcvenlik haz\u0131rl\u0131\u011f\u0131n\u0131 yapt\u0131. 80 bin polis ve jandarma, 24 z\u0131rhl\u0131 ara\u00e7, 10 TOMA ve insans\u0131z hava ara\u00e7lar\u0131 sahada olacak.<\/p>\n\n\n\n<p><\/p>\n","protected":false},"excerpt":{"rendered":"<p>Fransa, Per\u015fembe g\u00fcn\u00fc son y\u0131llar\u0131n en b\u00fcy\u00fck toplumsal hareketlerinden birine sahne olacak. \u00dclke genelinde 250\u2019den fazla miting planlan\u0131rken,<\/p>\n","protected":false},"author":1,"featured_media":0,"comment_status":"open","ping_status":"open","sticky":false,"template":"","format":"standard","meta":{"footnotes":""},"categories":[1],"tags":[118,114,142,140,141,143],"class_list":["post-342","post","type-post","status-publish","format-standard","hentry","category-siyaset","tag-france","tag-fransa","tag-protest","tag-protesto","tag-sari-yelekliler","tag-yellow-vest"],"_links":{"self":[{"href":"https:\/\/diplomatica.tr\/index.php?rest_route=\/wp\/v2\/posts\/342","targetHints":{"allow":["GET"]}}],"collection":[{"href":"https:\/\/diplomatica.tr\/index.php?rest_route=\/wp\/v2\/posts"}],"about":[{"href":"https:\/\/diplomatica.tr\/index.php?rest_route=\/wp\/v2\/types\/post"}],"author":[{"embeddable":true,"href":"https:\/\/diplomatica.tr\/index.php?rest_route=\/wp\/v2\/users\/1"}],"replies":[{"embeddable":true,"href":"https:\/\/diplomatica.tr\/index.php?rest_route=%2Fwp%2Fv2%2Fcomments&post=342"}],"version-history":[{"count":1,"href":"https:\/\/diplomatica.tr\/index.php?rest_route=\/wp\/v2\/posts\/342\/revisions"}],"predecessor-version":[{"id":347,"href":"https:\/\/diplomatica.tr\/index.php?rest_route=\/wp\/v2\/posts\/342\/revisions\/347"}],"wp:attachment":[{"href":"https:\/\/diplomatica.tr\/index.php?rest_route=%2Fwp%2Fv2%2Fmedia&parent=342"}],"wp:term":[{"taxonomy":"category","embeddable":true,"href":"https:\/\/diplomatica.tr\/index.php?rest_route=%2Fwp%2Fv2%2Fcategories&post=342"},{"taxonomy":"post_tag","embeddable":true,"href":"https:\/\/diplomatica.tr\/index.php?rest_route=%2Fwp%2Fv2%2Ftags&post=342"}],"curies":[{"name":"wp","href":"https:\/\/api.w.org\/{rel}","templated":true}]}}