{"id":305,"date":"2025-09-16T20:23:57","date_gmt":"2025-09-16T17:23:57","guid":{"rendered":"https:\/\/diplomatica.tr\/?p=305"},"modified":"2025-10-07T17:20:30","modified_gmt":"2025-10-07T14:20:30","slug":"ogrencilere-dijital-guvenlik-egitimi-baslatildi","status":"publish","type":"post","link":"https:\/\/diplomatica.tr\/?p=305","title":{"rendered":"\u201c\u00d6\u011frencilere Dijital G\u00fcvenlik E\u011fitimi Ba\u015flat\u0131ld\u0131\u201d"},"content":{"rendered":"\n<p>Milli E\u011fitim Bakanl\u0131\u011f\u0131, \u00f6\u011frencilerin dijital d\u00fcnyada kar\u015f\u0131la\u015fabilecekleri risklere kar\u015f\u0131 daha bilin\u00e7li olmalar\u0131n\u0131 sa\u011flamak amac\u0131yla yeni bir e\u011fitim program\u0131 ba\u015flatt\u0131. Bakanl\u0131k yetkilileri, program\u0131n temel hedefinin \u00f6\u011frencilerin dijital ara\u00e7lar\u0131 g\u00fcvenli, bilin\u00e7li ve etik \u015fekilde kullanmalar\u0131n\u0131 sa\u011flamak oldu\u011funu belirtti.<\/p>\n\n\n\n<p>E\u011fitim uzmanlar\u0131, bu giri\u015fimin \u00f6zellikle sosyal medya kullan\u0131m\u0131, siber zorbal\u0131k, ki\u015fisel veri g\u00fcvenli\u011fi ve dijital ba\u011f\u0131ml\u0131l\u0131k gibi alanlarda \u00f6\u011frenciler i\u00e7in \u00f6nemli bir fark\u0131ndal\u0131k yarataca\u011f\u0131n\u0131 vurgulad\u0131. Veliler ve \u00f6\u011fretmenlerin de s\u00fcrece dahil edilmesinin, \u00f6\u011frencilerin edindikleri bilgileri g\u00fcnl\u00fck hayata daha etkili yans\u0131tmalar\u0131na katk\u0131 sa\u011flayaca\u011f\u0131 ifade ediliyor.<\/p>\n\n\n\n<p>Uzmanlara g\u00f6re, bu t\u00fcr programlar\u0131n s\u00fcreklili\u011fi ve i\u00e7erik g\u00fcncellemeleri, \u00f6\u011frencilerin h\u0131zla de\u011fi\u015fen dijital ortamda kar\u015f\u0131la\u015ft\u0131klar\u0131 yeni tehditlere kar\u015f\u0131 haz\u0131rl\u0131kl\u0131 olmalar\u0131 a\u00e7\u0131s\u0131ndan kritik \u00f6nem ta\u015f\u0131yor.<\/p>\n\n\n\n<figure class=\"wp-block-image size-large\"><img loading=\"lazy\" decoding=\"async\" width=\"1024\" height=\"669\" src=\"https:\/\/diplomatica.tr\/wp-content\/uploads\/2025\/09\/892559-1024x669.jpeg\" alt=\"\" class=\"wp-image-308\" srcset=\"https:\/\/diplomatica.tr\/wp-content\/uploads\/2025\/09\/892559-1024x669.jpeg 1024w, https:\/\/diplomatica.tr\/wp-content\/uploads\/2025\/09\/892559-300x196.jpeg 300w, https:\/\/diplomatica.tr\/wp-content\/uploads\/2025\/09\/892559-768x502.jpeg 768w, https:\/\/diplomatica.tr\/wp-content\/uploads\/2025\/09\/892559.jpeg 1100w\" sizes=\"auto, (max-width: 1024px) 100vw, 1024px\" \/><\/figure>\n","protected":false},"excerpt":{"rendered":"<p>Milli E\u011fitim Bakanl\u0131\u011f\u0131, \u00f6\u011frencilerin dijital d\u00fcnyada kar\u015f\u0131la\u015fabilecekleri risklere kar\u015f\u0131 daha bilin\u00e7li olmalar\u0131n\u0131 sa\u011flamak amac\u0131yla yeni bir e\u011fitim program\u0131<\/p>\n","protected":false},"author":3,"featured_media":0,"comment_status":"open","ping_status":"open","sticky":false,"template":"","format":"standard","meta":{"footnotes":""},"categories":[15],"tags":[],"class_list":["post-305","post","type-post","status-publish","format-standard","hentry","category-egitim"],"_links":{"self":[{"href":"https:\/\/diplomatica.tr\/index.php?rest_route=\/wp\/v2\/posts\/305","targetHints":{"allow":["GET"]}}],"collection":[{"href":"https:\/\/diplomatica.tr\/index.php?rest_route=\/wp\/v2\/posts"}],"about":[{"href":"https:\/\/diplomatica.tr\/index.php?rest_route=\/wp\/v2\/types\/post"}],"author":[{"embeddable":true,"href":"https:\/\/diplomatica.tr\/index.php?rest_route=\/wp\/v2\/users\/3"}],"replies":[{"embeddable":true,"href":"https:\/\/diplomatica.tr\/index.php?rest_route=%2Fwp%2Fv2%2Fcomments&post=305"}],"version-history":[{"count":1,"href":"https:\/\/diplomatica.tr\/index.php?rest_route=\/wp\/v2\/posts\/305\/revisions"}],"predecessor-version":[{"id":309,"href":"https:\/\/diplomatica.tr\/index.php?rest_route=\/wp\/v2\/posts\/305\/revisions\/309"}],"wp:attachment":[{"href":"https:\/\/diplomatica.tr\/index.php?rest_route=%2Fwp%2Fv2%2Fmedia&parent=305"}],"wp:term":[{"taxonomy":"category","embeddable":true,"href":"https:\/\/diplomatica.tr\/index.php?rest_route=%2Fwp%2Fv2%2Fcategories&post=305"},{"taxonomy":"post_tag","embeddable":true,"href":"https:\/\/diplomatica.tr\/index.php?rest_route=%2Fwp%2Fv2%2Ftags&post=305"}],"curies":[{"name":"wp","href":"https:\/\/api.w.org\/{rel}","templated":true}]}}