{"id":294,"date":"2025-09-16T20:17:02","date_gmt":"2025-09-16T17:17:02","guid":{"rendered":"https:\/\/diplomatica.tr\/?p=294"},"modified":"2025-10-07T17:20:09","modified_gmt":"2025-10-07T14:20:09","slug":"mebi-uzerinden-12-turkiye-geneli-yks-denemesi-basliyor","status":"publish","type":"post","link":"https:\/\/diplomatica.tr\/?p=294","title":{"rendered":"\u201cMEB\u0130 \u00dczerinden 12 T\u00fcrkiye Geneli YKS Denemesi Ba\u015fl\u0131yor\u201d"},"content":{"rendered":"\n<p>Milli E\u011fitim Bakanl\u0131\u011f\u0131, 2025-2026 e\u011fitim \u00f6\u011fretim y\u0131l\u0131nda \u00f6\u011frencilerin s\u0131nav haz\u0131rl\u0131k s\u00fcrecine destek olmak amac\u0131yla MEB\u0130 platformu \u00fczerinden 12 deneme s\u0131nav\u0131 d\u00fczenleyece\u011fini a\u00e7\u0131klad\u0131. \u0130lk denemenin 22-28 Eyl\u00fcl 2025 tarihleri aras\u0131nda yap\u0131laca\u011f\u0131 belirtildi.<\/p>\n\n\n\n<p>Bakanl\u0131k, bu uygulamayla \u00f6\u011frencilerin erken d\u00f6nemde s\u0131nav atmosferine adapte olmalar\u0131n\u0131, f\u0131rsat e\u015fitsizliklerinin azalmas\u0131n\u0131 ve \u00fclke genelinde ortak bir standartta s\u0131nav prati\u011fi kazanmalar\u0131n\u0131 hedefliyor. Yetkililer, deneme s\u0131navlar\u0131n\u0131n yaln\u0131zca sonu\u00e7 odakl\u0131 de\u011fil, ayn\u0131 zamanda \u00f6\u011frencilere ayr\u0131nt\u0131l\u0131 geri bildirim sa\u011flayacak \u015fekilde tasarland\u0131\u011f\u0131n\u0131 vurguluyor.<\/p>\n\n\n\n<p>E\u011fitim uzmanlar\u0131 ise, bu s\u00fcrecin \u00f6\u011frencilerin motivasyonunu art\u0131raca\u011f\u0131na dikkat \u00e7ekiyor. Ancak uygulaman\u0131n ba\u015far\u0131s\u0131n\u0131n, teknik altyap\u0131n\u0131n sorunsuz i\u015flemesine ve \u00f6\u011frencilere sunulacak raporlar\u0131n niteli\u011fine ba\u011fl\u0131 oldu\u011funun da alt\u0131n\u0131 \u00e7iziyorlar.<\/p>\n\n\n\n<figure class=\"wp-block-image size-large\"><img loading=\"lazy\" decoding=\"async\" width=\"1024\" height=\"577\" src=\"https:\/\/diplomatica.tr\/wp-content\/uploads\/2025\/09\/yks-1024x577.jpg\" alt=\"\" class=\"wp-image-302\" srcset=\"https:\/\/diplomatica.tr\/wp-content\/uploads\/2025\/09\/yks-1024x577.jpg 1024w, https:\/\/diplomatica.tr\/wp-content\/uploads\/2025\/09\/yks-300x169.jpg 300w, https:\/\/diplomatica.tr\/wp-content\/uploads\/2025\/09\/yks-768x433.jpg 768w, https:\/\/diplomatica.tr\/wp-content\/uploads\/2025\/09\/yks.jpg 1090w\" sizes=\"auto, (max-width: 1024px) 100vw, 1024px\" \/><\/figure>\n","protected":false},"excerpt":{"rendered":"<p>Milli E\u011fitim Bakanl\u0131\u011f\u0131, 2025-2026 e\u011fitim \u00f6\u011fretim y\u0131l\u0131nda \u00f6\u011frencilerin s\u0131nav haz\u0131rl\u0131k s\u00fcrecine destek olmak amac\u0131yla MEB\u0130 platformu \u00fczerinden 12<\/p>\n","protected":false},"author":3,"featured_media":0,"comment_status":"open","ping_status":"open","sticky":false,"template":"","format":"standard","meta":{"footnotes":""},"categories":[15],"tags":[144,145,146],"class_list":["post-294","post","type-post","status-publish","format-standard","hentry","category-egitim","tag-meb","tag-mebi","tag-yks"],"_links":{"self":[{"href":"https:\/\/diplomatica.tr\/index.php?rest_route=\/wp\/v2\/posts\/294","targetHints":{"allow":["GET"]}}],"collection":[{"href":"https:\/\/diplomatica.tr\/index.php?rest_route=\/wp\/v2\/posts"}],"about":[{"href":"https:\/\/diplomatica.tr\/index.php?rest_route=\/wp\/v2\/types\/post"}],"author":[{"embeddable":true,"href":"https:\/\/diplomatica.tr\/index.php?rest_route=\/wp\/v2\/users\/3"}],"replies":[{"embeddable":true,"href":"https:\/\/diplomatica.tr\/index.php?rest_route=%2Fwp%2Fv2%2Fcomments&post=294"}],"version-history":[{"count":1,"href":"https:\/\/diplomatica.tr\/index.php?rest_route=\/wp\/v2\/posts\/294\/revisions"}],"predecessor-version":[{"id":303,"href":"https:\/\/diplomatica.tr\/index.php?rest_route=\/wp\/v2\/posts\/294\/revisions\/303"}],"wp:attachment":[{"href":"https:\/\/diplomatica.tr\/index.php?rest_route=%2Fwp%2Fv2%2Fmedia&parent=294"}],"wp:term":[{"taxonomy":"category","embeddable":true,"href":"https:\/\/diplomatica.tr\/index.php?rest_route=%2Fwp%2Fv2%2Fcategories&post=294"},{"taxonomy":"post_tag","embeddable":true,"href":"https:\/\/diplomatica.tr\/index.php?rest_route=%2Fwp%2Fv2%2Ftags&post=294"}],"curies":[{"name":"wp","href":"https:\/\/api.w.org\/{rel}","templated":true}]}}