{"id":291,"date":"2025-09-16T18:26:12","date_gmt":"2025-09-16T15:26:12","guid":{"rendered":"https:\/\/diplomatica.tr\/?p=291"},"modified":"2025-10-07T17:19:51","modified_gmt":"2025-10-07T14:19:51","slug":"son-dakikaab-israil-ile-ticaret-anlasmasini-askiya-almaya-hazirlaniyor","status":"publish","type":"post","link":"https:\/\/diplomatica.tr\/?p=291","title":{"rendered":"SON DAK\u0130KA:AB, \u0130srail ile ticaret anla\u015fmas\u0131n\u0131 ask\u0131ya almaya haz\u0131rlan\u0131yor!"},"content":{"rendered":"\n<figure class=\"wp-block-image size-large\"><img loading=\"lazy\" decoding=\"async\" width=\"1024\" height=\"576\" src=\"https:\/\/diplomatica.tr\/wp-content\/uploads\/2025\/09\/israil-ab-reu-2202067-1024x576.jpg\" alt=\"\" class=\"wp-image-292\" srcset=\"https:\/\/diplomatica.tr\/wp-content\/uploads\/2025\/09\/israil-ab-reu-2202067-1024x576.jpg 1024w, https:\/\/diplomatica.tr\/wp-content\/uploads\/2025\/09\/israil-ab-reu-2202067-300x169.jpg 300w, https:\/\/diplomatica.tr\/wp-content\/uploads\/2025\/09\/israil-ab-reu-2202067-768x432.jpg 768w, https:\/\/diplomatica.tr\/wp-content\/uploads\/2025\/09\/israil-ab-reu-2202067.jpg 1280w\" sizes=\"auto, (max-width: 1024px) 100vw, 1024px\" \/><\/figure>\n\n\n\n<p>Avrupa Komisyonu, \u0130srail ile y\u00fcr\u00fcrl\u00fckte olan Ortakl\u0131k Anla\u015fmas\u0131 kapsam\u0131ndaki tercihli ticaret h\u00fck\u00fcmlerini ask\u0131ya alma plan\u0131n\u0131 bu hafta resmen onaylayacak. Ancak bu ad\u0131m\u0131n hayata ge\u00e7ebilmesi i\u00e7in AB Konseyi\u2019nde nitelikli \u00e7o\u011funlu\u011fun sa\u011flanmas\u0131 gerekiyor. Bu da Almanya veya \u0130talya gibi b\u00fcy\u00fck \u00fclkelerden en az birinin deste\u011fini zorunlu k\u0131l\u0131yor.<\/p>\n\n\n\n<p>Avrupa Komisyonu Ba\u015fkan\u0131 Ursula von der Leyen, ge\u00e7en hafta a\u00e7\u0131klad\u0131\u011f\u0131 planla \u0130srail\u2019e y\u00f6nelik ticari ayr\u0131cal\u0131klar\u0131n kald\u0131r\u0131lmas\u0131n\u0131 g\u00fcndeme ta\u015f\u0131m\u0131\u015ft\u0131. Von der Leyen\u2019in \u00e7a\u011fr\u0131s\u0131n\u0131n ba\u015far\u0131ya ula\u015fmas\u0131, b\u00fcy\u00fck \u00fclkelerin deste\u011fine ba\u011fl\u0131 olacak.<\/p>\n\n\n\n<p>AB ile \u0130srail aras\u0131ndaki ticaret hacmi 2024 y\u0131l\u0131nda 42,6 milyar euroya ula\u015ft\u0131. Bunun yakla\u015f\u0131k %37\u2019si tercihli ticaret kapsam\u0131nda ger\u00e7ekle\u015fti. Yeni d\u00fczenleme, bu avantajlar\u0131n kald\u0131r\u0131lmas\u0131yla \u0130srail i\u00e7in ciddi bir mali y\u00fck anlam\u0131na geliyor.<\/p>\n\n\n\n<p>\u015eimdi g\u00f6zler, Almanya ve \u0130talya\u2019n\u0131n nas\u0131l bir tav\u0131r alaca\u011f\u0131nda. Bu \u00fclkelerin onay\u0131 olmadan plan\u0131n y\u00fcr\u00fcrl\u00fc\u011fe girmesi m\u00fcmk\u00fcn g\u00f6r\u00fcnm\u00fcyor.<\/p>\n","protected":false},"excerpt":{"rendered":"<p>Avrupa Komisyonu, \u0130srail ile y\u00fcr\u00fcrl\u00fckte olan Ortakl\u0131k Anla\u015fmas\u0131 kapsam\u0131ndaki tercihli ticaret h\u00fck\u00fcmlerini ask\u0131ya alma plan\u0131n\u0131 bu hafta resmen<\/p>\n","protected":false},"author":1,"featured_media":0,"comment_status":"open","ping_status":"open","sticky":false,"template":"","format":"standard","meta":{"footnotes":""},"categories":[1],"tags":[147,148,106,103],"class_list":["post-291","post","type-post","status-publish","format-standard","hentry","category-siyaset","tag-avrupa-birligi","tag-european-union","tag-israel","tag-israil"],"_links":{"self":[{"href":"https:\/\/diplomatica.tr\/index.php?rest_route=\/wp\/v2\/posts\/291","targetHints":{"allow":["GET"]}}],"collection":[{"href":"https:\/\/diplomatica.tr\/index.php?rest_route=\/wp\/v2\/posts"}],"about":[{"href":"https:\/\/diplomatica.tr\/index.php?rest_route=\/wp\/v2\/types\/post"}],"author":[{"embeddable":true,"href":"https:\/\/diplomatica.tr\/index.php?rest_route=\/wp\/v2\/users\/1"}],"replies":[{"embeddable":true,"href":"https:\/\/diplomatica.tr\/index.php?rest_route=%2Fwp%2Fv2%2Fcomments&post=291"}],"version-history":[{"count":1,"href":"https:\/\/diplomatica.tr\/index.php?rest_route=\/wp\/v2\/posts\/291\/revisions"}],"predecessor-version":[{"id":293,"href":"https:\/\/diplomatica.tr\/index.php?rest_route=\/wp\/v2\/posts\/291\/revisions\/293"}],"wp:attachment":[{"href":"https:\/\/diplomatica.tr\/index.php?rest_route=%2Fwp%2Fv2%2Fmedia&parent=291"}],"wp:term":[{"taxonomy":"category","embeddable":true,"href":"https:\/\/diplomatica.tr\/index.php?rest_route=%2Fwp%2Fv2%2Fcategories&post=291"},{"taxonomy":"post_tag","embeddable":true,"href":"https:\/\/diplomatica.tr\/index.php?rest_route=%2Fwp%2Fv2%2Ftags&post=291"}],"curies":[{"name":"wp","href":"https:\/\/api.w.org\/{rel}","templated":true}]}}