{"id":245,"date":"2025-09-14T17:29:49","date_gmt":"2025-09-14T14:29:49","guid":{"rendered":"https:\/\/diplomatica.tr\/?p=245"},"modified":"2025-10-07T17:19:33","modified_gmt":"2025-10-07T14:19:33","slug":"ermenistan-pasaport-damgasindan-agri-dagini-kaldirdi","status":"publish","type":"post","link":"https:\/\/diplomatica.tr\/?p=245","title":{"rendered":"Ermenistan Pasaport Damgas\u0131ndan A\u011fr\u0131 Da\u011f\u0131n\u0131 Kald\u0131rd\u0131!"},"content":{"rendered":"\n<figure class=\"wp-block-image size-large\"><img loading=\"lazy\" decoding=\"async\" width=\"1024\" height=\"576\" src=\"https:\/\/diplomatica.tr\/wp-content\/uploads\/2025\/09\/ermanistanda_tarihi_degisiklik_inadi_biraktilar_turkiyeyi_yakindan_ilgilendiriyor_1757848826_2894-1024x576.webp\" alt=\"\" class=\"wp-image-246\" srcset=\"https:\/\/diplomatica.tr\/wp-content\/uploads\/2025\/09\/ermanistanda_tarihi_degisiklik_inadi_biraktilar_turkiyeyi_yakindan_ilgilendiriyor_1757848826_2894-1024x576.webp 1024w, https:\/\/diplomatica.tr\/wp-content\/uploads\/2025\/09\/ermanistanda_tarihi_degisiklik_inadi_biraktilar_turkiyeyi_yakindan_ilgilendiriyor_1757848826_2894-300x169.webp 300w, https:\/\/diplomatica.tr\/wp-content\/uploads\/2025\/09\/ermanistanda_tarihi_degisiklik_inadi_biraktilar_turkiyeyi_yakindan_ilgilendiriyor_1757848826_2894-768x432.webp 768w, https:\/\/diplomatica.tr\/wp-content\/uploads\/2025\/09\/ermanistanda_tarihi_degisiklik_inadi_biraktilar_turkiyeyi_yakindan_ilgilendiriyor_1757848826_2894.webp 1280w\" sizes=\"auto, (max-width: 1024px) 100vw, 1024px\" \/><\/figure>\n\n\n\n<p>Ermenistan ile T\u00fcrkiye aras\u0131nda dikkat \u00e7ekici geli\u015fmeler ya\u015fan\u0131yor. Erivan y\u00f6netimi, uzun y\u0131llard\u0131r pasaportlarda kullan\u0131lan A\u011fr\u0131 Da\u011f\u0131 (Ararat) siluetini resmi belgelerden kald\u0131rma karar\u0131 ald\u0131. 1 Kas\u0131m 2025\u2019ten itibaren y\u00fcr\u00fcrl\u00fc\u011fe girecek bu ad\u0131m, iki \u00fclke aras\u0131ndaki normalle\u015fme s\u00fcrecinde sembolik fakat \u00f6nemli bir jest olarak de\u011ferlendiriliyor.<\/p>\n\n\n\n<p>Bu s\u00fcre\u00e7te Ermenistan Ba\u015fbakan\u0131 Nikol Pa\u015finyan, Cumhurba\u015fkan\u0131 Recep Tayyip Erdo\u011fan\u2019\u0131n daveti \u00fczerine T\u00fcrkiye\u2019ye resmi bir ziyaret ger\u00e7ekle\u015ftirdi. G\u00f6r\u00fc\u015fmelerde diplomatik ili\u015fkilerin geli\u015ftirilmesi, s\u0131n\u0131r kap\u0131lar\u0131n\u0131n a\u00e7\u0131lmas\u0131 ve ekonomik i\u015fbirli\u011fi konular\u0131 \u00f6n plana \u00e7\u0131kt\u0131. \u00d6zellikle y\u0131llard\u0131r kapal\u0131 olan s\u0131n\u0131rlar\u0131n a\u00e7\u0131lmas\u0131, iki \u00fclke halk\u0131 aras\u0131ndaki ticaretin ve kar\u015f\u0131l\u0131kl\u0131 etkile\u015fimin yeniden ba\u015flamas\u0131 a\u00e7\u0131s\u0131ndan tarihi bir ad\u0131m olarak g\u00f6r\u00fcl\u00fcyor.<\/p>\n\n\n\n<figure class=\"wp-block-image size-large\"><img loading=\"lazy\" decoding=\"async\" width=\"1024\" height=\"683\" src=\"https:\/\/diplomatica.tr\/wp-content\/uploads\/2025\/09\/pasho-erdo-istanbul-dolmabahce-1-1024x683.jpg\" alt=\"\" class=\"wp-image-248\" srcset=\"https:\/\/diplomatica.tr\/wp-content\/uploads\/2025\/09\/pasho-erdo-istanbul-dolmabahce-1-1024x683.jpg 1024w, https:\/\/diplomatica.tr\/wp-content\/uploads\/2025\/09\/pasho-erdo-istanbul-dolmabahce-1-300x200.jpg 300w, https:\/\/diplomatica.tr\/wp-content\/uploads\/2025\/09\/pasho-erdo-istanbul-dolmabahce-1-768x512.jpg 768w, https:\/\/diplomatica.tr\/wp-content\/uploads\/2025\/09\/pasho-erdo-istanbul-dolmabahce-1.jpg 1200w\" sizes=\"auto, (max-width: 1024px) 100vw, 1024px\" \/><\/figure>\n\n\n\n<p>Uzmanlara g\u00f6re, T\u00fcrkiye ile s\u0131n\u0131rlar\u0131n a\u00e7\u0131lmas\u0131 ve ula\u015f\u0131m hatlar\u0131n\u0131n i\u015fler h\u00e2le gelmesi, Ermenistan ekonomisine ciddi bir ivme kazand\u0131rabilir. Karayolu ve demiryolu ba\u011flant\u0131lar\u0131n\u0131n yeniden kurulmas\u0131, ticaret hacmini art\u0131racak ve Ermenistan\u2019\u0131n b\u00f6lgesel yaln\u0131zl\u0131\u011f\u0131n\u0131 azaltacak. T\u00fcrkiye ile ili\u015fkilerin normalle\u015fmesi, ayn\u0131 zamanda iki \u00fclke aras\u0131ndaki uzun s\u00fcredir devam eden so\u011fuklu\u011fun yava\u015f yava\u015f \u00e7\u00f6z\u00fclmesine kap\u0131 aralayabilir.<\/p>\n","protected":false},"excerpt":{"rendered":"<p>Ermenistan ile T\u00fcrkiye aras\u0131nda dikkat \u00e7ekici geli\u015fmeler ya\u015fan\u0131yor. Erivan y\u00f6netimi, uzun y\u0131llard\u0131r pasaportlarda kullan\u0131lan A\u011fr\u0131 Da\u011f\u0131 (Ararat) siluetini<\/p>\n","protected":false},"author":1,"featured_media":0,"comment_status":"open","ping_status":"open","sticky":false,"template":"","format":"standard","meta":{"footnotes":""},"categories":[1],"tags":[150,149],"class_list":["post-245","post","type-post","status-publish","format-standard","hentry","category-siyaset","tag-armenia","tag-ermenistan"],"_links":{"self":[{"href":"https:\/\/diplomatica.tr\/index.php?rest_route=\/wp\/v2\/posts\/245","targetHints":{"allow":["GET"]}}],"collection":[{"href":"https:\/\/diplomatica.tr\/index.php?rest_route=\/wp\/v2\/posts"}],"about":[{"href":"https:\/\/diplomatica.tr\/index.php?rest_route=\/wp\/v2\/types\/post"}],"author":[{"embeddable":true,"href":"https:\/\/diplomatica.tr\/index.php?rest_route=\/wp\/v2\/users\/1"}],"replies":[{"embeddable":true,"href":"https:\/\/diplomatica.tr\/index.php?rest_route=%2Fwp%2Fv2%2Fcomments&post=245"}],"version-history":[{"count":1,"href":"https:\/\/diplomatica.tr\/index.php?rest_route=\/wp\/v2\/posts\/245\/revisions"}],"predecessor-version":[{"id":249,"href":"https:\/\/diplomatica.tr\/index.php?rest_route=\/wp\/v2\/posts\/245\/revisions\/249"}],"wp:attachment":[{"href":"https:\/\/diplomatica.tr\/index.php?rest_route=%2Fwp%2Fv2%2Fmedia&parent=245"}],"wp:term":[{"taxonomy":"category","embeddable":true,"href":"https:\/\/diplomatica.tr\/index.php?rest_route=%2Fwp%2Fv2%2Fcategories&post=245"},{"taxonomy":"post_tag","embeddable":true,"href":"https:\/\/diplomatica.tr\/index.php?rest_route=%2Fwp%2Fv2%2Ftags&post=245"}],"curies":[{"name":"wp","href":"https:\/\/api.w.org\/{rel}","templated":true}]}}