{"id":229,"date":"2025-09-14T16:56:11","date_gmt":"2025-09-14T13:56:11","guid":{"rendered":"https:\/\/diplomatica.tr\/?p=229"},"modified":"2025-10-07T17:19:21","modified_gmt":"2025-10-07T14:19:21","slug":"polonya-hava-sahasinda-rus-iha-krizi-bir-ev-hasar-gordu-sinir-gecisleri-kapatildi","status":"publish","type":"post","link":"https:\/\/diplomatica.tr\/?p=229","title":{"rendered":"Polonya Hava Sahas\u0131nda Rus \u0130HA Krizi: Bir Ev Hasar G\u00f6rd\u00fc, S\u0131n\u0131r Ge\u00e7i\u015fleri Kapat\u0131ld\u0131!"},"content":{"rendered":"\n<figure class=\"wp-block-image size-full\"><img loading=\"lazy\" decoding=\"async\" width=\"694\" height=\"455\" src=\"https:\/\/diplomatica.tr\/wp-content\/uploads\/2025\/09\/polonya-e1757946316595.png\" alt=\"\" class=\"wp-image-253\" srcset=\"https:\/\/diplomatica.tr\/wp-content\/uploads\/2025\/09\/polonya-e1757946316595.png 694w, https:\/\/diplomatica.tr\/wp-content\/uploads\/2025\/09\/polonya-e1757946316595-300x197.png 300w\" sizes=\"auto, (max-width: 694px) 100vw, 694px\" \/><\/figure>\n\n\n\n<p>Polonya\u2019n\u0131n do\u011fusunda, Belarus s\u0131n\u0131r\u0131na yak\u0131n bir b\u00f6lgede tansiyon y\u00fckseldi. Yetkililer, Rusya\u2019ya ait oldu\u011fu belirlenen insans\u0131z hava ara\u00e7lar\u0131n\u0131n Polonya hava sahas\u0131na izinsiz girdi\u011fini ve bu s\u0131rada bir evin \u00e7at\u0131s\u0131n\u0131n hasar g\u00f6rd\u00fc\u011f\u00fcn\u00fc a\u00e7\u0131klad\u0131. Olay\u0131n ard\u0131ndan b\u00f6lgedeki erken uyar\u0131 sirenleri devreye girdi, halk g\u00fcvenlik nedeniyle evlerinden \u00e7\u0131kmamalar\u0131 konusunda uyar\u0131ld\u0131.<\/p>\n\n\n\n<figure class=\"wp-block-image size-full\"><img loading=\"lazy\" decoding=\"async\" width=\"1000\" height=\"666\" src=\"https:\/\/diplomatica.tr\/wp-content\/uploads\/2025\/09\/5671248_20250911t072248z-1707822544-rc2zoga03j4j-rtrmadp-3-ukrainecrisispolandattack_ls.jpg\" alt=\"\" class=\"wp-image-232\" srcset=\"https:\/\/diplomatica.tr\/wp-content\/uploads\/2025\/09\/5671248_20250911t072248z-1707822544-rc2zoga03j4j-rtrmadp-3-ukrainecrisispolandattack_ls.jpg 1000w, https:\/\/diplomatica.tr\/wp-content\/uploads\/2025\/09\/5671248_20250911t072248z-1707822544-rc2zoga03j4j-rtrmadp-3-ukrainecrisispolandattack_ls-300x200.jpg 300w, https:\/\/diplomatica.tr\/wp-content\/uploads\/2025\/09\/5671248_20250911t072248z-1707822544-rc2zoga03j4j-rtrmadp-3-ukrainecrisispolandattack_ls-768x511.jpg 768w\" sizes=\"auto, (max-width: 1000px) 100vw, 1000px\" \/><\/figure>\n\n\n\n<p>Polonya Savunma Bakanl\u0131\u011f\u0131\u2019ndan yap\u0131lan ilk a\u00e7\u0131klamada, Rus insans\u0131z hava ara\u00e7lar\u0131n\u0131n gece saatlerinde \u00fclke s\u0131n\u0131r\u0131n\u0131 ihlal etti\u011fi ve hava savunma sistemlerinin alarma ge\u00e7irildi\u011fi belirtildi. \u0130HA par\u00e7alar\u0131ndan birinin Podlasie b\u00f6lgesinde bulunan bir k\u00f6ydeki evin \u00e7at\u0131s\u0131na isabet etti\u011fi, ancak can kayb\u0131 ya\u015fanmad\u0131\u011f\u0131 bildirildi. G\u00fcvenlik g\u00fc\u00e7leri b\u00f6lgede \u00f6nlemlerini art\u0131r\u0131rken, Belarus s\u0131n\u0131r\u0131ndaki baz\u0131 ge\u00e7i\u015f noktalar\u0131 ge\u00e7ici olarak kapat\u0131ld\u0131.<\/p>\n\n\n\n<p>Polonya h\u00fck\u00fcmeti, olay\u0131n ard\u0131ndan <strong>NATO\u2019nun 4. maddesini devreye soktu\u011funu<\/strong> duyurdu. Bu madde, m\u00fcttefik \u00fclkelerden herhangi birinin toprak b\u00fct\u00fcnl\u00fc\u011f\u00fc, siyasi ba\u011f\u0131ms\u0131zl\u0131\u011f\u0131 veya g\u00fcvenli\u011fi tehdit alt\u0131nda oldu\u011funda, NATO \u00fcyelerinin isti\u015farelerde bulunmas\u0131n\u0131 \u00f6ng\u00f6r\u00fcyor. Yetkililer, Polonya\u2019n\u0131n Avrupa Birli\u011fi ve NATO m\u00fcttefikleriyle s\u00fcrekli temas h\u00e2linde oldu\u011funu belirtti.<\/p>\n\n\n\n<p>Rusya taraf\u0131ndan ise konuya ili\u015fkin hen\u00fcz resmi bir a\u00e7\u0131klama yap\u0131lmad\u0131. B\u00f6lgedeki geli\u015fmelerin, Ukrayna\u2019daki sava\u015f\u0131n yol a\u00e7t\u0131\u011f\u0131 gerginli\u011fi daha da t\u0131rmand\u0131rabilece\u011fi de\u011ferlendiriliyor. <\/p>\n\n\n\n<figure class=\"wp-block-video\"><video height=\"1280\" style=\"aspect-ratio: 720 \/ 1280;\" width=\"720\" controls src=\"https:\/\/diplomatica.tr\/wp-content\/uploads\/2025\/09\/ssstwitter.com_1757857540941-8.mp4\"><\/video><\/figure>\n\n\n\n<p>SON DAK\u0130KA: Polonya&#8217;n\u0131n do\u011fusunda sirenler \u00e7al\u0131yor!<\/p>\n","protected":false},"excerpt":{"rendered":"<p>Polonya\u2019n\u0131n do\u011fusunda, Belarus s\u0131n\u0131r\u0131na yak\u0131n bir b\u00f6lgede tansiyon y\u00fckseldi. Yetkililer, Rusya\u2019ya ait oldu\u011fu belirlenen insans\u0131z hava ara\u00e7lar\u0131n\u0131n Polonya<\/p>\n","protected":false},"author":1,"featured_media":0,"comment_status":"open","ping_status":"open","sticky":false,"template":"","format":"standard","meta":{"footnotes":""},"categories":[1],"tags":[152,151,125,122],"class_list":["post-229","post","type-post","status-publish","format-standard","hentry","category-siyaset","tag-poland","tag-polonya","tag-russia","tag-rusya"],"_links":{"self":[{"href":"https:\/\/diplomatica.tr\/index.php?rest_route=\/wp\/v2\/posts\/229","targetHints":{"allow":["GET"]}}],"collection":[{"href":"https:\/\/diplomatica.tr\/index.php?rest_route=\/wp\/v2\/posts"}],"about":[{"href":"https:\/\/diplomatica.tr\/index.php?rest_route=\/wp\/v2\/types\/post"}],"author":[{"embeddable":true,"href":"https:\/\/diplomatica.tr\/index.php?rest_route=\/wp\/v2\/users\/1"}],"replies":[{"embeddable":true,"href":"https:\/\/diplomatica.tr\/index.php?rest_route=%2Fwp%2Fv2%2Fcomments&post=229"}],"version-history":[{"count":4,"href":"https:\/\/diplomatica.tr\/index.php?rest_route=\/wp\/v2\/posts\/229\/revisions"}],"predecessor-version":[{"id":255,"href":"https:\/\/diplomatica.tr\/index.php?rest_route=\/wp\/v2\/posts\/229\/revisions\/255"}],"wp:attachment":[{"href":"https:\/\/diplomatica.tr\/index.php?rest_route=%2Fwp%2Fv2%2Fmedia&parent=229"}],"wp:term":[{"taxonomy":"category","embeddable":true,"href":"https:\/\/diplomatica.tr\/index.php?rest_route=%2Fwp%2Fv2%2Fcategories&post=229"},{"taxonomy":"post_tag","embeddable":true,"href":"https:\/\/diplomatica.tr\/index.php?rest_route=%2Fwp%2Fv2%2Ftags&post=229"}],"curies":[{"name":"wp","href":"https:\/\/api.w.org\/{rel}","templated":true}]}}