{"id":223,"date":"2025-09-14T15:20:42","date_gmt":"2025-09-14T12:20:42","guid":{"rendered":"https:\/\/diplomatica.tr\/?p=223"},"modified":"2025-10-07T17:19:19","modified_gmt":"2025-10-07T14:19:19","slug":"unesco-2025-dijital-ogrenme-haftasinda-egitimde-insan-merkezli-yapay-zekayi-sekillendirmek-icin-dunya-liderlerini-topladi","status":"publish","type":"post","link":"https:\/\/diplomatica.tr\/?p=223","title":{"rendered":"UNESCO YAPAY ZEKAYI \u015eEK\u0130LLEND\u0130RMEK \u0130\u00c7\u0130N D\u00dcNYA L\u0130DERLER\u0130N\u0130 TOPLADI"},"content":{"rendered":"\n<p>UNESCO\u2019nun Digital Learning Week 2025 etkinli\u011fi Eyl\u00fcl ba\u015f\u0131nda Paris\u2019te ger\u00e7ekle\u015fti . Bakanlar, kapal\u0131 bir oturumda e\u011fitimde yapay zek\u00e2n\u0131n insan merkezli, e\u015fitlik\u00e7i, g\u00fcvenli ve etik olmas\u0131 gerekti\u011finde uzla\u015ft\u0131 ve be\u015f \u00f6ncelik belirledi: \u201cyapay zek\u00e2 u\u00e7urumu\u201dnun kapat\u0131lmas\u0131, g\u00fcvenlik ve etikle \u00f6\u011frenenlerin korunmas\u0131, \u00f6\u011fretmenlerin merkez\u00ee rol\u00fcn\u00fcn korunmas\u0131, yerel diller ve k\u00fclt\u00fcrlerin yans\u0131t\u0131lmas\u0131, ve k\u00fcresel standartlar\u0131n ilerletilmesi. Program genelinde m\u00fcfredat, pedagoji ve \u00f6l\u00e7me-de\u011ferlendirme ba\u015fl\u0131klar\u0131nda 40\u2019tan fazla oturum ve 300+ konu\u015fmac\u0131 (Emily Bender, Abeba Birhane, B\u00e1y\u00f2 Ak\u00f3mol\u00e1f\u00e9, Nina da Hora d\u00e2hil) yer ald\u0131. UNESCO iki yeni yay\u0131n\u0131 duyurdu: Yapay zeka ve e\u011fitimin gelece\u011fi : bozulmalar,\u00e7eli\u015fkiler ve gidi\u015fatlar  ile yapay zeka ve e\u011fitim : \u00f6\u011frenenlerin haklar\u0131n\u0131 koruma\u2014ve akademik a\u011f\u0131ndaki anket sonu\u00e7lar\u0131n\u0131 payla\u015ft\u0131: kat\u0131l\u0131mc\u0131lar\u0131n 10\u2019da 9\u2019u h\u00e2lihaz\u0131rda yapay zek\u00e2 kullan\u0131yor, ancak yakla\u015f\u0131k yar\u0131s\u0131 kendini yetkin hissediyor; %34 ise yapay zek\u00e2 destekli \u00f6l\u00e7me-de\u011ferlendirmede olumlu deneyimler bildirdi.<\/p>\n\n\n\n<p><\/p>\n","protected":false},"excerpt":{"rendered":"<p>UNESCO\u2019nun Digital Learning Week 2025 etkinli\u011fi Eyl\u00fcl ba\u015f\u0131nda Paris\u2019te ger\u00e7ekle\u015fti . Bakanlar, kapal\u0131 bir oturumda e\u011fitimde yapay zek\u00e2n\u0131n<\/p>\n","protected":false},"author":3,"featured_media":225,"comment_status":"open","ping_status":"open","sticky":false,"template":"","format":"standard","meta":{"footnotes":""},"categories":[15],"tags":[18,17,153],"class_list":["post-223","post","type-post","status-publish","format-standard","has-post-thumbnail","hentry","category-egitim","tag-ai","tag-unesco","tag-digital-week"],"_links":{"self":[{"href":"https:\/\/diplomatica.tr\/index.php?rest_route=\/wp\/v2\/posts\/223","targetHints":{"allow":["GET"]}}],"collection":[{"href":"https:\/\/diplomatica.tr\/index.php?rest_route=\/wp\/v2\/posts"}],"about":[{"href":"https:\/\/diplomatica.tr\/index.php?rest_route=\/wp\/v2\/types\/post"}],"author":[{"embeddable":true,"href":"https:\/\/diplomatica.tr\/index.php?rest_route=\/wp\/v2\/users\/3"}],"replies":[{"embeddable":true,"href":"https:\/\/diplomatica.tr\/index.php?rest_route=%2Fwp%2Fv2%2Fcomments&post=223"}],"version-history":[{"count":2,"href":"https:\/\/diplomatica.tr\/index.php?rest_route=\/wp\/v2\/posts\/223\/revisions"}],"predecessor-version":[{"id":228,"href":"https:\/\/diplomatica.tr\/index.php?rest_route=\/wp\/v2\/posts\/223\/revisions\/228"}],"wp:featuredmedia":[{"embeddable":true,"href":"https:\/\/diplomatica.tr\/index.php?rest_route=\/wp\/v2\/media\/225"}],"wp:attachment":[{"href":"https:\/\/diplomatica.tr\/index.php?rest_route=%2Fwp%2Fv2%2Fmedia&parent=223"}],"wp:term":[{"taxonomy":"category","embeddable":true,"href":"https:\/\/diplomatica.tr\/index.php?rest_route=%2Fwp%2Fv2%2Fcategories&post=223"},{"taxonomy":"post_tag","embeddable":true,"href":"https:\/\/diplomatica.tr\/index.php?rest_route=%2Fwp%2Fv2%2Ftags&post=223"}],"curies":[{"name":"wp","href":"https:\/\/api.w.org\/{rel}","templated":true}]}}