{"id":167,"date":"2025-09-12T22:12:43","date_gmt":"2025-09-12T19:12:43","guid":{"rendered":"https:\/\/diplomatica.tr\/?p=167"},"modified":"2025-10-07T17:18:30","modified_gmt":"2025-10-07T14:18:30","slug":"iphone-17-applein-yeni-cagi-en-yeni-ozellikler-ve-beklentiler","status":"publish","type":"post","link":"https:\/\/diplomatica.tr\/?p=167","title":{"rendered":"iPhone 17: Apple\u2019\u0131n Yeni \u00c7a\u011f\u0131 \u2013 En Yeni \u00d6zellikler ve Beklentiler"},"content":{"rendered":"\n<p><strong>Apple, Eyl\u00fcl 2025\u2019te iPhone 17 serisini resmi olarak tan\u0131tarak sadece donan\u0131mda de\u011fil, tasar\u0131mda, kamera deneyiminde ve kullan\u0131c\u0131 aray\u00fcz\u00fcnde \u00f6nemli s\u0131\u00e7ramalar yapt\u0131. Peki neler de\u011fi\u015fti, ne yenilikler geliyor, ve bu modeller neden dikkat \u00e7ekiyor?<br><\/strong><\/p>\n\n\n\n<p><strong>Tasar\u0131m &amp; Ekran<\/strong><\/p>\n\n\n\n<ul class=\"wp-block-list\">\n<li>iPhone 17\u2019de 6.3 in\u00e7 Super Retina XDR ekran var. ProMotion teknolojisi ile yenileme h\u0131z\u0131 120 Hz ve parlakl\u0131\u011f\u0131 y\u00fcksek \u0131\u015f\u0131k alt\u0131nda bile etkileyici. &nbsp;<\/li>\n\n\n\n<li>Ekran\u0131n \u00f6n y\u00fcz\u00fc \u00e7ok daha dayan\u0131kl\u0131: \u201cCeramic Shield 2\u201d cam ile \u00e7izilmelere kar\u015f\u0131 3 kat daha diren\u00e7 gibi bir iddia var. &nbsp;<\/li>\n\n\n\n<li>Ayr\u0131ca, refleks azalt\u0131c\u0131 kaplamalar ve d\u0131\u015f mek\u00e2nda g\u00fcne\u015f alt\u0131nda ekran okunabilirli\u011fi \u00fczerine geli\u015ftirmeler yap\u0131lm\u0131\u015f durumda.&nbsp;<\/li>\n<\/ul>\n\n\n\n<ul class=\"wp-block-list\">\n<li><strong>Kamera<\/strong> <strong>Sistemleri<\/strong> <strong>&amp;<\/strong> <strong>Foto\u011fraflama<\/strong> <strong>Deneyimi<\/strong><\/li>\n<\/ul>\n\n\n\n<ul class=\"wp-block-list\">\n<li>Arka kamera sistemi \u201cDual Fusion\u201d ad\u0131yla geliyor: 48 megapiksel\u2019lik ana kamera + yan bir yard\u0131mc\u0131 lensle birlikte. &nbsp;<\/li>\n\n\n\n<li>\u201cCenter Stage\u201d \u00f6n kamera da art\u0131k standart: 18 MP \u00e7\u00f6z\u00fcn\u00fcrl\u00fckle, grup foto\u011fraflar\u0131nda daha ak\u0131ll\u0131 kadrajlama, video g\u00f6r\u00fc\u015fmelerinde otomatik \u00e7er\u00e7eveleme gibi \u00f6zellikler sunuyor. &nbsp;<\/li>\n\n\n\n<li>Pro modellerinde telephoto lens teknolojisinde ciddi geli\u015fmeler var. iPhone 17 Pro \/ Pro Max; 8\u00d7 optik kalitede zoom sa\u011flayan telephoto lens, daha b\u00fcy\u00fck sens\u00f6rler ve daha iyi stabilizasyon ile geliyor. &nbsp;<\/li>\n<\/ul>\n\n\n\n<p><strong>Performans &amp; Batarya<\/strong><\/p>\n\n\n\n<ul class=\"wp-block-list\">\n<li>Yeni A19 \u00e7ipi, hem performans hem enerji verimlili\u011fi a\u00e7\u0131s\u0131ndan \u00f6nceki modellere k\u0131yasla \u00f6nemli geli\u015fmeler sunuyor. &nbsp;<\/li>\n\n\n\n<li>Batarya \u00f6mr\u00fc art\u0131r\u0131lm\u0131\u015f: Apple, video oynatma s\u00fcrelerinde ve genel kullan\u0131mda \u201ct\u00fcm g\u00fcn\u201d performans vaadinde bulunuyor. &nbsp;<\/li>\n\n\n\n<li>Ayr\u0131ca, cihaz\u0131n \u015farj h\u0131z\u0131 da geli\u015fmi\u015f. \u00d6zellikle h\u0131zl\u0131 \u015farj ve daha verimli kablosuz \u015farj \u00e7\u00f6z\u00fcmleri hakk\u0131nda bilgiler var. &nbsp;<\/li>\n<\/ul>\n\n\n\n<div class=\"wp-block-group is-layout-constrained wp-block-group-is-layout-constrained\">\n<div class=\"wp-block-group is-layout-grid wp-container-core-group-is-layout-478b6e6b wp-block-group-is-layout-grid\">\n<figure class=\"wp-block-gallery has-nested-images columns-default is-cropped wp-block-gallery-1 is-layout-flex wp-block-gallery-is-layout-flex\">\n<figure class=\"wp-block-image size-large\"><img loading=\"lazy\" decoding=\"async\" width=\"1024\" height=\"683\" data-id=\"174\" src=\"https:\/\/diplomatica.tr\/wp-content\/uploads\/2025\/09\/IMG_1230-1024x683.webp\" alt=\"\" class=\"wp-image-174\" srcset=\"https:\/\/diplomatica.tr\/wp-content\/uploads\/2025\/09\/IMG_1230-1024x683.webp 1024w, https:\/\/diplomatica.tr\/wp-content\/uploads\/2025\/09\/IMG_1230-300x200.webp 300w, https:\/\/diplomatica.tr\/wp-content\/uploads\/2025\/09\/IMG_1230-768x512.webp 768w, https:\/\/diplomatica.tr\/wp-content\/uploads\/2025\/09\/IMG_1230-1536x1024.webp 1536w, https:\/\/diplomatica.tr\/wp-content\/uploads\/2025\/09\/IMG_1230.webp 1920w\" sizes=\"auto, (max-width: 1024px) 100vw, 1024px\" \/><\/figure>\n<\/figure>\n\n\n\n<p><strong>Di\u011fer Yenilikler &amp; Kullan\u0131c\u0131 Deneyimi<\/strong><\/p>\n\n\n\n<ul class=\"wp-block-list\">\n<li>IP68 su ve toz korumas\u0131 devam ediyor; ekran koruyucular ve d\u0131\u015f malzemelerde uzun \u00f6m\u00fcr ve dayan\u0131kl\u0131l\u0131k odakl\u0131 iyile\u015ftirmeler yap\u0131lm\u0131\u015f. &nbsp;<\/li>\n\n\n\n<li>iOS 26 beraberinde geliyor; yaz\u0131l\u0131msal \u00f6zellikler, Apple Intelligence, kamera kontrol\u00fcnde yeni ara\u00e7lar gibi yaz\u0131l\u0131m + donan\u0131m entegrasyonlar\u0131 art\u0131r\u0131lm\u0131\u015f durumda. &nbsp;<\/li>\n\n\n\n<li>Renk se\u00e7enekleri ve tasar\u0131m detaylar\u0131 da dikkat \u00e7ekici: Siyah, beyaz gibi klasik renklerin yan\u0131 s\u0131ra \u201cLavender (lavanta)\u201d, \u201cSage\u201d, \u201cMist Blue\u201d gibi daha yumu\u015fak tonlar sunuluyor. &nbsp;<\/li>\n<\/ul>\n<\/div>\n\n\n\n<p><strong>Merak Uyand\u0131ran Sorular &amp; Tart\u0131\u015fmalar<\/strong><\/p>\n\n\n\n<ul class=\"wp-block-list\">\n<li>Ger\u00e7ekten kadar dayan\u0131kl\u0131? Ceramic Shield 2 iddias\u0131 y\u00fcksek \u00e7izilme direnci sunuyor, ama kullan\u0131mda ne kadar pratik olaca\u011f\u0131 (\u00f6zellikle ekran koruyucu takmadan) merak konusu.<\/li>\n\n\n\n<li>Pro Max\u2019\u0131n kal\u0131nl\u0131\u011f\u0131 ve a\u011f\u0131rl\u0131\u011f\u0131: \u00d6zellikle Pro Max modellerinde yeni kamera sistemleri ve batarya kapasitesi, cihaz\u0131 biraz daha kal\u0131n\/ a\u011f\u0131r hale getirmi\u015f g\u00f6r\u00fcn\u00fcyor. Kullan\u0131c\u0131 konforu a\u00e7\u0131s\u0131ndan bu bir dezavantaj olabilir. &nbsp;<\/li>\n\n\n\n<li>Fiyat &amp; T\u00fcrkiye\u2019ye gelmesi: Her yeni iPhone modelinde oldu\u011fu gibi, vergiler, kur fark\u0131 ve resmi distrib\u00fct\u00f6r fiyatland\u0131rmas\u0131 T\u00fcrkiye\u2019de al\u0131m g\u00fcc\u00fcn\u00fc etkileyen kritik fakt\u00f6rler olacak. Kullan\u0131c\u0131lar i\u00e7in \u00f6nemli bir kriter bu.<\/li>\n\n\n\n<li>Rakiplerle kar\u015f\u0131la\u015ft\u0131rma: \u00d6zellikle Android cephesinden \u201czoom\u201d, \u201ckamera teknoloji\u201d, \u201cyapay zek\u00e2 \/ g\u00f6r\u00fcnt\u00fc i\u015fleme\u201d gibi alanlarda rekabet g\u00fc\u00e7lendiriliyor. iPhone 17\u2019nin bu yar\u0131\u015fta nerede duraca\u011f\u0131 merak ediliyor.<\/li>\n<\/ul>\n<\/div>\n\n\n\n<p><strong>T\u00fcrkiye\u2019ye \u00d6zel Durum: Fiyat, \u00c7\u0131k\u0131\u015f Tarihi ve Kampanyalar<\/strong><\/p>\n\n\n\n<p>A\u015fa\u011f\u0131da iPhone 17 serisinin T\u00fcrkiye\u2019deki resmi fiyatlar\u0131, \u00e7\u0131k\u0131\u015f tarihi ve operat\u00f6r \/ ma\u011faza kampanyalar\u0131ndan elde edilen bilgiler yer al\u0131yor.<\/p>\n\n\n\n<p><strong>Fiyatlar<\/strong><\/p>\n\n\n\n<p>Apple T\u00fcrkiye\u2019nin resmi sitesine g\u00f6re \u00f6n sipari\u015f fiyatlar\u0131&nbsp;<\/p>\n\n\n\n<div class=\"wp-block-group is-layout-constrained wp-block-group-is-layout-constrained\">\n<div class=\"wp-block-columns is-layout-flex wp-container-core-columns-is-layout-28f84493 wp-block-columns-is-layout-flex\">\n<div class=\"wp-block-column is-layout-flow wp-block-column-is-layout-flow\" style=\"flex-basis:100%\">\n<figure class=\"wp-block-table\"><table class=\"has-fixed-layout\"><tbody><tr><td><strong>Model<\/strong><\/td><td><strong>Ba\u015flang\u0131\u00e7 Fiyat\u0131<\/strong><\/td><\/tr><tr><td>iPhone 17 (256 GB)<\/td><td>77.999 TL<\/td><\/tr><tr><td>iPhone 17 (512 GB)<\/td><td>89.999 TL<\/td><\/tr><tr><td>iPhone Air (256 GB)<\/td><td>97.999 TL<\/td><\/tr><tr><td>iPhone Air (512 GB)<\/td><td>109.999 TL<\/td><\/tr><tr><td>iPhone Air (1 TB)**<\/td><td>121.999 TL<\/td><\/tr><tr><td>iPhone 17 Pro (256 GB)<\/td><td>107.999 TL<\/td><\/tr><tr><td>iPhone 17 Pro (512 GB)<\/td><td>119.999 TL<\/td><\/tr><tr><td>iPhone 17 Pro (1 TB)<\/td><td>131.999 TL<\/td><\/tr><tr><td>iPhone 17 Pro Max (256 GB)<\/td><td>119.999 TL<\/td><\/tr><tr><td>iPhone 17 Pro Max (512 GB)<\/td><td>131.999 TL<\/td><\/tr><tr><td>iPhone 17 Pro Max (1 TB)<\/td><td>143.999 TL<\/td><\/tr><tr><td>iPhone 17 Pro Max (2 TB)<\/td><td>168.999 TL<\/td><\/tr><\/tbody><\/table><\/figure>\n<\/div>\n<\/div>\n<\/div>\n\n\n\n<p class=\"has-text-align-left\"><strong><sup>Fiyatlar T\u00fcrkiye Apple Store T\u00fcrkiye \/ yetkili sat\u0131c\u0131larda pe\u015fin al\u0131\u015fveri\u015f i\u00e7in ge\u00e7erli ba\u015flang\u0131\u00e7 fiyatlar\u0131d\u0131r. Depolama kapasitesi, renk ve stok durumuna g\u00f6re de\u011fi\u015fiklik g\u00f6sterebilir.&nbsp;<\/sup><\/strong><br><\/p>\n\n\n\n<figure class=\"wp-block-gallery has-nested-images columns-default is-cropped wp-block-gallery-2 is-layout-flex wp-block-gallery-is-layout-flex\">\n<figure class=\"wp-block-image size-large\"><img loading=\"lazy\" decoding=\"async\" width=\"1024\" height=\"576\" data-id=\"177\" src=\"https:\/\/diplomatica.tr\/wp-content\/uploads\/2025\/09\/IMG_1231-1024x576.jpeg\" alt=\"\" class=\"wp-image-177\" srcset=\"https:\/\/diplomatica.tr\/wp-content\/uploads\/2025\/09\/IMG_1231-1024x576.jpeg 1024w, https:\/\/diplomatica.tr\/wp-content\/uploads\/2025\/09\/IMG_1231-300x169.jpeg 300w, https:\/\/diplomatica.tr\/wp-content\/uploads\/2025\/09\/IMG_1231-768x432.jpeg 768w, https:\/\/diplomatica.tr\/wp-content\/uploads\/2025\/09\/IMG_1231.jpeg 1300w\" sizes=\"auto, (max-width: 1024px) 100vw, 1024px\" \/><figcaption class=\"wp-element-caption\"><strong>\u0130Phone 17 Pro Max<\/strong><\/figcaption><\/figure>\n<\/figure>\n\n\n\n<p><\/p>\n","protected":false},"excerpt":{"rendered":"<p>Apple, Eyl\u00fcl 2025\u2019te iPhone 17 serisini resmi olarak tan\u0131tarak sadece donan\u0131mda de\u011fil, tasar\u0131mda, kamera deneyiminde ve kullan\u0131c\u0131 aray\u00fcz\u00fcnde<\/p>\n","protected":false},"author":2,"featured_media":162,"comment_status":"open","ping_status":"open","sticky":false,"template":"","format":"standard","meta":{"footnotes":"[]"},"categories":[9],"tags":[10,12,11,13],"class_list":["post-167","post","type-post","status-publish","format-standard","has-post-thumbnail","hentry","category-teknoloji","tag-iphone-17","tag-iphone-17-new","tag-iphone-17-pro-max","tag-turkiye"],"_links":{"self":[{"href":"https:\/\/diplomatica.tr\/index.php?rest_route=\/wp\/v2\/posts\/167","targetHints":{"allow":["GET"]}}],"collection":[{"href":"https:\/\/diplomatica.tr\/index.php?rest_route=\/wp\/v2\/posts"}],"about":[{"href":"https:\/\/diplomatica.tr\/index.php?rest_route=\/wp\/v2\/types\/post"}],"author":[{"embeddable":true,"href":"https:\/\/diplomatica.tr\/index.php?rest_route=\/wp\/v2\/users\/2"}],"replies":[{"embeddable":true,"href":"https:\/\/diplomatica.tr\/index.php?rest_route=%2Fwp%2Fv2%2Fcomments&post=167"}],"version-history":[{"count":2,"href":"https:\/\/diplomatica.tr\/index.php?rest_route=\/wp\/v2\/posts\/167\/revisions"}],"predecessor-version":[{"id":181,"href":"https:\/\/diplomatica.tr\/index.php?rest_route=\/wp\/v2\/posts\/167\/revisions\/181"}],"wp:featuredmedia":[{"embeddable":true,"href":"https:\/\/diplomatica.tr\/index.php?rest_route=\/wp\/v2\/media\/162"}],"wp:attachment":[{"href":"https:\/\/diplomatica.tr\/index.php?rest_route=%2Fwp%2Fv2%2Fmedia&parent=167"}],"wp:term":[{"taxonomy":"category","embeddable":true,"href":"https:\/\/diplomatica.tr\/index.php?rest_route=%2Fwp%2Fv2%2Fcategories&post=167"},{"taxonomy":"post_tag","embeddable":true,"href":"https:\/\/diplomatica.tr\/index.php?rest_route=%2Fwp%2Fv2%2Ftags&post=167"}],"curies":[{"name":"wp","href":"https:\/\/api.w.org\/{rel}","templated":true}]}}