{"id":143,"date":"2025-09-12T19:53:09","date_gmt":"2025-09-12T16:53:09","guid":{"rendered":"https:\/\/diplomatica.tr\/?p=143"},"modified":"2025-10-07T17:17:35","modified_gmt":"2025-10-07T14:17:35","slug":"polonyanin-natoya-cagrisi-4-maddenin-guncel-onemi","status":"publish","type":"post","link":"https:\/\/diplomatica.tr\/?p=143","title":{"rendered":"Polonya\u2019n\u0131n NATO\u2019ya \u00c7a\u011fr\u0131s\u0131: 4. Madde\u2019nin G\u00fcncel \u00d6nemi"},"content":{"rendered":"\n<figure class=\"wp-block-image size-large\"><img loading=\"lazy\" decoding=\"async\" width=\"1024\" height=\"576\" src=\"https:\/\/diplomatica.tr\/wp-content\/uploads\/2025\/09\/polonya-sinir-ihlali-1024x576.webp\" alt=\"\" class=\"wp-image-144\" srcset=\"https:\/\/diplomatica.tr\/wp-content\/uploads\/2025\/09\/polonya-sinir-ihlali-1024x576.webp 1024w, https:\/\/diplomatica.tr\/wp-content\/uploads\/2025\/09\/polonya-sinir-ihlali-300x169.webp 300w, https:\/\/diplomatica.tr\/wp-content\/uploads\/2025\/09\/polonya-sinir-ihlali-768x432.webp 768w, https:\/\/diplomatica.tr\/wp-content\/uploads\/2025\/09\/polonya-sinir-ihlali.webp 1366w\" sizes=\"auto, (max-width: 1024px) 100vw, 1024px\" \/><\/figure>\n\n\n\n<p>Rusya\u2019ya ait insans\u0131z hava ara\u00e7lar\u0131n\u0131n Polonya hava sahas\u0131na girmesi, Avrupa g\u00fcvenli\u011fi a\u00e7\u0131s\u0131ndan yeni bir kriz dalgas\u0131 yaratm\u0131\u015ft\u0131r. Olay, Ukrayna s\u0131n\u0131r\u0131na yak\u0131n b\u00f6lgelerde ba\u015flayan yo\u011fun drone hareketlili\u011fiyle g\u00fcndeme gelmi\u015f, bu ara\u00e7lardan en az on dokuzu Polonya topraklar\u0131nda tespit edilmi\u015ftir. Polonya makamlar\u0131, hava sahas\u0131n\u0131 ihlal eden baz\u0131 ara\u00e7lar\u0131n d\u00fc\u015f\u00fcr\u00fcld\u00fc\u011f\u00fcn\u00fc, baz\u0131 par\u00e7alar\u0131n da topraklar\u0131na d\u00fc\u015ft\u00fc\u011f\u00fcn\u00fc a\u00e7\u0131klam\u0131\u015f, g\u00fcvenlik gerek\u00e7esiyle baz\u0131 havaalanlar\u0131n\u0131n ge\u00e7ici s\u00fcreyle kapat\u0131ld\u0131\u011f\u0131n\u0131 duyurmu\u015ftur. Bu geli\u015fme, Ukrayna\u2019daki sava\u015f\u0131n b\u00f6lgesel s\u0131n\u0131rlar\u0131 a\u015farak do\u011frudan NATO \u00fcyesi bir devletin g\u00fcvenli\u011fine etki edecek hale geldi\u011fini g\u00f6stermi\u015ftir. Polonya h\u00fck\u00fcmeti, olay\u0131n s\u0131radan bir hata olamayaca\u011f\u0131n\u0131 vurgulam\u0131\u015f ve meseleyi yaln\u0131zca ulusal bir sorun olarak de\u011fil, t\u00fcm ittifak\u0131n ortak g\u00fcvenli\u011fi ba\u011flam\u0131nda ele al\u0131nmas\u0131 gerekti\u011fini belirterek NATO Antla\u015fmas\u0131\u2019n\u0131n 4. Maddesi\u2019ni i\u015fletmi\u015ftir. Bu karar, bir yandan Polonya\u2019n\u0131n ciddiyetini ortaya koyarken di\u011fer yandan ittifak\u0131n do\u011fu kanad\u0131ndaki g\u00fcvenlik s\u0131nav\u0131n\u0131 g\u00f6zler \u00f6n\u00fcne sermi\u015ftir.<a href=\"#_edn1\" id=\"_ednref1\">[1]<\/a><\/p>\n\n\n\n<p>NATO Antla\u015fmas\u0131\u2019n\u0131n 4. Maddesi, \u00fcye devletlerden herhangi birinin toprak b\u00fct\u00fcnl\u00fc\u011f\u00fc, siyasi ba\u011f\u0131ms\u0131zl\u0131\u011f\u0131 veya g\u00fcvenli\u011fi tehdit alt\u0131nda hissetti\u011finde di\u011fer m\u00fcttefiklerle isti\u015fareye ba\u015flama hakk\u0131n\u0131 tan\u0131maktad\u0131r. Bu madde, do\u011frudan sald\u0131r\u0131ya u\u011frayan bir \u00fclkeye kolektif savunma y\u00fck\u00fcml\u00fcl\u00fc\u011f\u00fc getiren 5. Maddeden farkl\u0131 olarak, daha \u00e7ok erken uyar\u0131 ve diplomatik dayan\u0131\u015fma i\u015flevi g\u00f6rmektedir. Polonya\u2019n\u0131n bu maddeyi devreye sokmas\u0131, hem \u00fclkesinin g\u00fcvenlik kayg\u0131lar\u0131n\u0131n me\u015frulu\u011funu uluslararas\u0131 alana ta\u015f\u0131m\u0131\u015f hem de ittifak\u0131n birlik ve dayan\u0131\u015fmas\u0131n\u0131 test etmi\u015ftir. Daha \u00f6nce de farkl\u0131 d\u00f6nemlerde T\u00fcrkiye ve Balt\u0131k \u00fclkeleri taraf\u0131ndan kullan\u0131lan bu mekanizma, NATO\u2019nun krizler kar\u015f\u0131s\u0131nda verdi\u011fi ilk tepkileri \u015fekillendirmi\u015ftir. Bu \u00e7er\u00e7evede Polonya\u2019n\u0131n ba\u015fvurusu, gelecekte ya\u015fanabilecek daha ciddi durumlar kar\u015f\u0131s\u0131nda ittifak\u0131n reflekslerini g\u00fc\u00e7lendirmeye d\u00f6n\u00fck bir ad\u0131m olarak de\u011ferlendirilebilir.<\/p>\n\n\n\n<p>Olay\u0131n ard\u0131ndan uluslararas\u0131 alanda verilen tepkiler \u00e7e\u015fitlilik g\u00f6stermi\u015ftir. Avrupa\u2019n\u0131n farkl\u0131 ba\u015fkentlerinde bu geli\u015fme, Rusya\u2019n\u0131n NATO\u2019nun do\u011frudan tepkisini \u00f6l\u00e7mek i\u00e7in yapt\u0131\u011f\u0131 bir hareket olarak yorumlanm\u0131\u015ft\u0131r. Buna kar\u015f\u0131l\u0131k baz\u0131 akt\u00f6rler daha temkinli yakla\u015fm\u0131\u015f, ihlallerin teknik bir hata sonucu meydana gelmi\u015f olabilece\u011fi ihtimalini g\u00fcndeme getirmi\u015ftir. \u00d6zellikle eski ABD Ba\u015fkan\u0131 Donald Trump\u2019\u0131n a\u00e7\u0131klamas\u0131 bu tart\u0131\u015fmalara y\u00f6n vermi\u015ftir. Trump, insans\u0131z hava ara\u00e7lar\u0131n\u0131n Polonya hava sahas\u0131na girmesini de\u011ferlendirirken bunun \u201cbir hata olabilece\u011fini\u201d s\u00f6ylemi\u015f, b\u00f6ylece olay\u0131n kas\u0131tl\u0131 olup olmad\u0131\u011f\u0131 konusundaki tart\u0131\u015fmalar\u0131 art\u0131rm\u0131\u015ft\u0131r. Polonya h\u00fck\u00fcmeti ise bu a\u00e7\u0131klamaya a\u00e7\u0131k\u00e7a kar\u015f\u0131 \u00e7\u0131karak, s\u0131n\u0131r ihlalinin bilin\u00e7li bir eylem oldu\u011funu ve \u00fclkenin g\u00fcvenli\u011fini do\u011frudan hedef ald\u0131\u011f\u0131n\u0131 belirtmi\u015ftir. Bu farkl\u0131 bak\u0131\u015f a\u00e7\u0131lar\u0131, NATO i\u00e7inde siyasi birlikteli\u011fin \u00f6nemini bir kez daha ortaya koymu\u015f ve ittifak\u0131n cayd\u0131r\u0131c\u0131l\u0131k kapasitesinin yaln\u0131zca askeri g\u00fc\u00e7le de\u011fil, ayn\u0131 zamanda siyasi tutarl\u0131l\u0131kla da \u00f6l\u00e7\u00fcld\u00fc\u011f\u00fcn\u00fc g\u00f6stermi\u015ftir.<a href=\"#_edn2\" id=\"_ednref2\">[2]<\/a><\/p>\n\n\n\n<p>Polonya\u2019n\u0131n olay sonras\u0131nda Birle\u015fmi\u015f Milletler G\u00fcvenlik Konseyi\u2019ni toplant\u0131ya \u00e7a\u011f\u0131rma giri\u015fimi, meselenin sadece NATO \u00e7er\u00e7evesinde de\u011fil, k\u00fcresel d\u00fczeyde de ele al\u0131nmas\u0131 gerekti\u011fine i\u015faret etmi\u015ftir. B\u00f6ylece uluslararas\u0131 hukuk zemininde Rusya\u2019ya kar\u015f\u0131 diplomatik bask\u0131 art\u0131r\u0131lmaya \u00e7al\u0131\u015f\u0131lm\u0131\u015ft\u0131r. Ayn\u0131 zamanda bu s\u00fcre\u00e7, modern sava\u015f teknolojilerinin g\u00fcvenlik politikalar\u0131 \u00fczerindeki etkisini de ortaya \u00e7\u0131karm\u0131\u015ft\u0131r. \u0130nsans\u0131z hava ara\u00e7lar\u0131n\u0131n sava\u015f alan\u0131nda yayg\u0131n \u015fekilde kullan\u0131lmas\u0131, geleneksel s\u0131n\u0131r g\u00fcvenli\u011fi anlay\u0131\u015f\u0131n\u0131 zorlamakta ve \u00fclkeleri yeni \u00f6nlemler almaya mecbur b\u0131rakmaktad\u0131r. NATO\u2019nun do\u011fu kanad\u0131nda daha g\u00fc\u00e7l\u00fc hava savunma sistemleri, erken uyar\u0131 mekanizmalar\u0131 ve m\u00fcttefikler aras\u0131 koordinasyon ihtiyac\u0131, bu geli\u015fmeyle birlikte daha g\u00f6r\u00fcn\u00fcr hale gelmi\u015ftir.<\/p>\n\n\n\n<p>Ya\u015fananlar ayn\u0131 zamanda Avrupa g\u00fcvenlik mimarisindeki eksiklikleri de g\u00f6zler \u00f6n\u00fcne sermi\u015ftir. Ukrayna\u2019daki sava\u015f\u0131n do\u011frudan bir NATO \u00fclkesine s\u0131\u00e7ramas\u0131, k\u0131tan\u0131n g\u00fcvenlik sorunlar\u0131n\u0131n b\u00f6lgesel olmaktan \u00e7\u0131kt\u0131\u011f\u0131n\u0131 kan\u0131tlam\u0131\u015ft\u0131r. Avrupa \u00fclkeleri bir yandan Rusya\u2019n\u0131n politikalar\u0131yla m\u00fccadele etmek, di\u011fer yandan da ittifak i\u00e7indeki eksik kalan g\u00fcvenlik politikalar\u0131n\u0131 tamamlamak zorunda kalm\u0131\u015ft\u0131r. Bu durum, Avrupa\u2019n\u0131n hem dayan\u0131\u015fma kapasitesini hem de kriz y\u00f6netimindeki becerisini s\u0131nayan bir tablo ortaya \u00e7\u0131karmaktad\u0131r. Polonya\u2019n\u0131n s\u00fcre\u00e7teki tutumu, egemenli\u011fini koruma iste\u011fini yans\u0131t\u0131rken, ayn\u0131 zamanda ittifak\u0131n gelecekte ya\u015fanacaklara nas\u0131l tepki verece\u011fine de \u00f6rnek te\u015fkil edecektir.<\/p>\n\n\n\n<p>Sonu\u00e7 olarak, Polonya hava sahas\u0131nda ya\u015fanan insans\u0131z hava arac\u0131 ihlalleri yaln\u0131zca ikili bir gerginlik olarak de\u011fil, NATO\u2019nun ve Avrupa\u2019n\u0131n g\u00fcvenlik d\u00fczeni a\u00e7\u0131s\u0131ndan kritik bir s\u0131nav olarak g\u00f6r\u00fclmelidir. Polonya\u2019n\u0131n NATO Antla\u015fmas\u0131\u2019n\u0131n 4. Maddesi\u2019ne ba\u015fvurmas\u0131, ulusal g\u00fcvenlik endi\u015felerinin kolektif g\u00fcvenlik \u00e7er\u00e7evesinde ele al\u0131nmas\u0131n\u0131n zorunlulu\u011funu g\u00f6stermi\u015ftir. Farkl\u0131 akt\u00f6rlerin verdi\u011fi tepkiler, ittifak i\u00e7inde siyasi birlikteli\u011fin \u00f6nemini ve cayd\u0131r\u0131c\u0131l\u0131\u011f\u0131n yaln\u0131zca askeri de\u011fil, diplomatik s\u00f6ylemle de sa\u011flanaca\u011f\u0131n\u0131 ortaya koymu\u015ftur. \u00d6n\u00fcm\u00fczdeki d\u00f6nemde NATO\u2019nun g\u00f6sterece\u011fi birlik, hem Polonya\u2019n\u0131n g\u00fcvenli\u011fi hem de Avrupa\u2019n\u0131n istikrar\u0131 a\u00e7\u0131s\u0131ndan belirleyici olacakt\u0131r. E\u011fer ortak bir duru\u015f sergilenirse, benzer ihlallerin \u00f6n\u00fcne ge\u00e7ilebilir; aksi takdirde, Avrupa g\u00fcvenli\u011fi yeni k\u0131r\u0131lganl\u0131klarla kar\u015f\u0131 kar\u015f\u0131ya kalacakt\u0131r.<\/p>\n\n\n\n<p><a href=\"#_ednref1\" id=\"_edn1\">[1]<\/a> \u201cPoland activates NATO Article 4 to consult allies after Russian drone incursion\u201d,<em>Euronews<\/em>, https:\/\/www.euronews.com\/2025\/09\/10\/poland-activates-nato-article-4-to-consult-allies-after-russian-drone-incursion,(Eri\u015fim Tarihi:12.09.2025).<\/p>\n\n\n\n<p><a href=\"#_ednref2\" id=\"_edn2\">[2]<\/a> \u201cPoland says it found 14 Russian drones on its territory. Just how will NATO respond?\u201d, <em>CBC<\/em>, https:\/\/www.cbc.ca\/news\/world\/poland-nato-1.7630155,(Eri\u015fim Tarihi:12.09.2025).<\/p>\n","protected":false},"excerpt":{"rendered":"<p>Rusya\u2019ya ait insans\u0131z hava ara\u00e7lar\u0131n\u0131n Polonya hava sahas\u0131na girmesi, Avrupa g\u00fcvenli\u011fi a\u00e7\u0131s\u0131ndan yeni bir kriz dalgas\u0131 yaratm\u0131\u015ft\u0131r. Olay,<\/p>\n","protected":false},"author":1,"featured_media":0,"comment_status":"open","ping_status":"open","sticky":false,"template":"","format":"standard","meta":{"footnotes":""},"categories":[1],"tags":[124,152,151],"class_list":["post-143","post","type-post","status-publish","format-standard","hentry","category-siyaset","tag-nato","tag-poland","tag-polonya"],"_links":{"self":[{"href":"https:\/\/diplomatica.tr\/index.php?rest_route=\/wp\/v2\/posts\/143","targetHints":{"allow":["GET"]}}],"collection":[{"href":"https:\/\/diplomatica.tr\/index.php?rest_route=\/wp\/v2\/posts"}],"about":[{"href":"https:\/\/diplomatica.tr\/index.php?rest_route=\/wp\/v2\/types\/post"}],"author":[{"embeddable":true,"href":"https:\/\/diplomatica.tr\/index.php?rest_route=\/wp\/v2\/users\/1"}],"replies":[{"embeddable":true,"href":"https:\/\/diplomatica.tr\/index.php?rest_route=%2Fwp%2Fv2%2Fcomments&post=143"}],"version-history":[{"count":1,"href":"https:\/\/diplomatica.tr\/index.php?rest_route=\/wp\/v2\/posts\/143\/revisions"}],"predecessor-version":[{"id":145,"href":"https:\/\/diplomatica.tr\/index.php?rest_route=\/wp\/v2\/posts\/143\/revisions\/145"}],"wp:attachment":[{"href":"https:\/\/diplomatica.tr\/index.php?rest_route=%2Fwp%2Fv2%2Fmedia&parent=143"}],"wp:term":[{"taxonomy":"category","embeddable":true,"href":"https:\/\/diplomatica.tr\/index.php?rest_route=%2Fwp%2Fv2%2Fcategories&post=143"},{"taxonomy":"post_tag","embeddable":true,"href":"https:\/\/diplomatica.tr\/index.php?rest_route=%2Fwp%2Fv2%2Ftags&post=143"}],"curies":[{"name":"wp","href":"https:\/\/api.w.org\/{rel}","templated":true}]}}