{"id":1091,"date":"2026-03-04T16:22:02","date_gmt":"2026-03-04T13:22:02","guid":{"rendered":"https:\/\/diplomatica.tr\/?p=1091"},"modified":"2026-03-04T16:22:07","modified_gmt":"2026-03-04T13:22:07","slug":"son-dakika-milli-savunma-bakanligi-irandan-ateslenen-fuze-dusuruldu","status":"publish","type":"post","link":"https:\/\/diplomatica.tr\/?p=1091","title":{"rendered":"|SON DAK\u0130KA| Mill\u00ee Savunma Bakanl\u0131\u011f\u0131: \u0130ran\u2019dan ate\u015flenen f\u00fcze d\u00fc\u015f\u00fcr\u00fcld\u00fc"},"content":{"rendered":"\n<p>Mill\u00ee Savunma Bakanl\u0131\u011f\u0131 (MSB), bug\u00fcn\u00a0\u0130ran\u2019dan ate\u015flenerek T\u00fcrkiye hava sahas\u0131na y\u00f6neldi\u011fi tespit edilen balistik m\u00fchimmat\u0131n etkisiz h\u00e2le getirildi\u011fini a\u00e7\u0131klad\u0131.<\/p>\n\n\n\n<p>Anadolu Ajans\u0131\u2019nda yer alan habere g\u00f6re, MSB\u2019den yap\u0131lan a\u00e7\u0131klama \u015f\u00f6yle:<\/p>\n\n\n\n<p><strong>\u201c\u0130ran\u2019dan ate\u015flenip Irak ve Suriye hava sahas\u0131n\u0131 ge\u00e7tikten sonra T\u00fcrk hava sahas\u0131na y\u00f6neldi\u011fi tespit edilen bir balistik m\u00fchimmat, Do\u011fu Akdeniz\u2019de konu\u015flu\u00a0NATO\u00a0hava ve f\u00fcze savunma unsurlar\u0131 taraf\u0131ndan zaman\u0131nda angaje edilerek etkisiz hale getirilmi\u015ftir. Hatay ili D\u00f6rtyol il\u00e7esinde d\u00fc\u015fen m\u00fchimmat par\u00e7as\u0131n\u0131n, s\u00f6z konusu tehdidin havada imha edilmesi sonras\u0131nda \u00f6nleme yapan hava savunma m\u00fchimmat\u0131na ait oldu\u011fu tespit edilmi\u015ftir. Olayda herhangi bir can kayb\u0131 veya yaralanma s\u00f6z konusu de\u011fildir. \u00dclkemizin ve vatanda\u015flar\u0131m\u0131z\u0131n g\u00fcvenli\u011fini sa\u011flamak konusundaki irademiz ve kapasitemiz en \u00fcst seviyededir.<\/strong><\/p>\n\n\n\n<p><strong>\u201cT\u00fcrkiye b\u00f6lgesel istikrar ve huzurdan yana taraf olurken kimden ve nereden gelirse gelsin topraklar\u0131n\u0131n ve vatanda\u015flar\u0131n\u0131n g\u00fcvenli\u011fini sa\u011flamaya muktedirdir. Topraklar\u0131m\u0131z\u0131n ve hava saham\u0131z\u0131n savunulmas\u0131na y\u00f6nelik her t\u00fcrl\u00fc ad\u0131m kararl\u0131l\u0131kla ve teredd\u00fcts\u00fcz at\u0131lacakt\u0131r. \u00dclkemize y\u00f6nelik her t\u00fcrl\u00fc hasmane tutuma kar\u015f\u0131 cevap verme hakk\u0131m\u0131z\u0131n mahfuz oldu\u011funu hat\u0131rlat\u0131yoruz. T\u00fcm taraflara, \u00e7at\u0131\u015fmalar\u0131n b\u00f6lgede daha da yay\u0131lmas\u0131na neden olacak ad\u0131mlardan uzak durma uyar\u0131s\u0131nda bulunuyoruz. Bu kapsamda NATO ve di\u011fer m\u00fcttefiklerimizle isti\u015fare i\u00e7inde olmay\u0131 s\u00fcrd\u00fcrece\u011fiz.\u201d<\/strong><\/p>\n\n\n\n<figure class=\"wp-block-image size-full is-resized\"><img loading=\"lazy\" decoding=\"async\" width=\"991\" height=\"690\" src=\"https:\/\/diplomatica.tr\/wp-content\/uploads\/2026\/03\/dortyol-hatay-turkiye-harita.webp\" alt=\"\" class=\"wp-image-1093\" style=\"aspect-ratio:1.4362831321647358;width:487px;height:auto\" srcset=\"https:\/\/diplomatica.tr\/wp-content\/uploads\/2026\/03\/dortyol-hatay-turkiye-harita.webp 991w, https:\/\/diplomatica.tr\/wp-content\/uploads\/2026\/03\/dortyol-hatay-turkiye-harita-300x209.webp 300w, https:\/\/diplomatica.tr\/wp-content\/uploads\/2026\/03\/dortyol-hatay-turkiye-harita-768x535.webp 768w, https:\/\/diplomatica.tr\/wp-content\/uploads\/2026\/03\/dortyol-hatay-turkiye-harita-825x575.webp 825w, https:\/\/diplomatica.tr\/wp-content\/uploads\/2026\/03\/dortyol-hatay-turkiye-harita-590x410.webp 590w\" sizes=\"auto, (max-width: 991px) 100vw, 991px\" \/><\/figure>\n\n\n\n<h3 class=\"wp-block-heading\">NATO\u2019dan \u2018T\u00fcrkiye\u2019 a\u00e7\u0131klamas\u0131<\/h3>\n\n\n\n<p>Kuzey Atlantik Antla\u015fmas\u0131 \u00d6rg\u00fct\u00fc (NATO) S\u00f6zc\u00fcs\u00fc Allison Hart, T\u00fcrkiye hava sahas\u0131nda d\u00fc\u015f\u00fcr\u00fcld\u00fc\u011f\u00fc belirtilen balistik m\u00fchimmata ili\u015fkin Anadolu Ajans\u0131\u2019n\u0131 yaz\u0131l\u0131 a\u00e7\u0131klama yapt\u0131.<\/p>\n\n\n\n<p>NATO\u2019nun b\u00f6lge genelinde \u0130ran\u2019\u0131n ayr\u0131m g\u00f6zetmeyen sald\u0131r\u0131lar\u0131na devam etti\u011fi bir d\u00f6nemde, T\u00fcrkiye dahil t\u00fcm m\u00fcttefiklerin yan\u0131nda\u00a0kararl\u0131 bir \u015fekilde\u00a0durdu\u011funun alt\u0131n\u0131 \u00e7izen Hart, \u201cHava ve f\u00fcze savunmas\u0131 da dahil olmak \u00fczere t\u00fcm alanlardaki cayd\u0131r\u0131c\u0131l\u0131k ve savunma duru\u015fumuz g\u00fc\u00e7l\u00fcd\u00fcr\u201d ifadesini kulland\u0131.<\/p>\n\n\n\n<p>Hart \u201c\u0130ran\u2019\u0131n T\u00fcrkiye\u2019yi hedef almas\u0131n\u0131 k\u0131n\u0131yoruz\u201d dedi.<\/p>\n","protected":false},"excerpt":{"rendered":"<p>Mill\u00ee Savunma Bakanl\u0131\u011f\u0131 (MSB), bug\u00fcn\u00a0\u0130ran\u2019dan ate\u015flenerek T\u00fcrkiye hava sahas\u0131na y\u00f6neldi\u011fi tespit edilen balistik m\u00fchimmat\u0131n etkisiz h\u00e2le getirildi\u011fini a\u00e7\u0131klad\u0131.<\/p>\n","protected":false},"author":1,"featured_media":1092,"comment_status":"open","ping_status":"open","sticky":false,"template":"","format":"standard","meta":{"footnotes":""},"categories":[1],"tags":[342,341,124,78,340],"class_list":["post-1091","post","type-post","status-publish","format-standard","has-post-thumbnail","hentry","category-siyaset","tag-iran-2","tag-iran","tag-nato","tag-turkey","tag-turkiye-2"],"_links":{"self":[{"href":"https:\/\/diplomatica.tr\/index.php?rest_route=\/wp\/v2\/posts\/1091","targetHints":{"allow":["GET"]}}],"collection":[{"href":"https:\/\/diplomatica.tr\/index.php?rest_route=\/wp\/v2\/posts"}],"about":[{"href":"https:\/\/diplomatica.tr\/index.php?rest_route=\/wp\/v2\/types\/post"}],"author":[{"embeddable":true,"href":"https:\/\/diplomatica.tr\/index.php?rest_route=\/wp\/v2\/users\/1"}],"replies":[{"embeddable":true,"href":"https:\/\/diplomatica.tr\/index.php?rest_route=%2Fwp%2Fv2%2Fcomments&post=1091"}],"version-history":[{"count":1,"href":"https:\/\/diplomatica.tr\/index.php?rest_route=\/wp\/v2\/posts\/1091\/revisions"}],"predecessor-version":[{"id":1094,"href":"https:\/\/diplomatica.tr\/index.php?rest_route=\/wp\/v2\/posts\/1091\/revisions\/1094"}],"wp:featuredmedia":[{"embeddable":true,"href":"https:\/\/diplomatica.tr\/index.php?rest_route=\/wp\/v2\/media\/1092"}],"wp:attachment":[{"href":"https:\/\/diplomatica.tr\/index.php?rest_route=%2Fwp%2Fv2%2Fmedia&parent=1091"}],"wp:term":[{"taxonomy":"category","embeddable":true,"href":"https:\/\/diplomatica.tr\/index.php?rest_route=%2Fwp%2Fv2%2Fcategories&post=1091"},{"taxonomy":"post_tag","embeddable":true,"href":"https:\/\/diplomatica.tr\/index.php?rest_route=%2Fwp%2Fv2%2Ftags&post=1091"}],"curies":[{"name":"wp","href":"https:\/\/api.w.org\/{rel}","templated":true}]}}