{"id":1083,"date":"2026-02-28T13:51:56","date_gmt":"2026-02-28T10:51:56","guid":{"rendered":"https:\/\/diplomatica.tr\/?p=1083"},"modified":"2026-02-28T13:52:01","modified_gmt":"2026-02-28T10:52:01","slug":"son-dakika-israil-ve-abdden-irana-ortak-saldiri-tahrandan-misilleme-geldi","status":"publish","type":"post","link":"https:\/\/diplomatica.tr\/?p=1083","title":{"rendered":"Son Dakika: \u0130srail ve ABD&#8217;den \u0130ran&#8217;a ortak sald\u0131r\u0131! Tahran&#8217;dan misilleme geldi"},"content":{"rendered":"\n<p>D\u00fcn gece ABD&#8217;nin vatanda\u015flar\u0131n\u0131 \u0130ran&#8217;\u0131 terk etmesini istemesi \u00fczerine bug\u00fcn sabah saatlerinde ABD-\u0130srail g\u00fc\u00e7leri \u0130ran&#8217;\u0131n ba\u015fkenti Tahran&#8217;a ortak bir sald\u0131r\u0131 ba\u015flatt\u0131.<\/p>\n\n\n\n<figure class=\"wp-block-embed is-type-rich is-provider-twitter wp-block-embed-twitter\"><div class=\"wp-block-embed__wrapper\">\n<blockquote class=\"twitter-tweet\" data-width=\"550\" data-dnt=\"true\"><p lang=\"tr\" dir=\"ltr\">\u0130srail, \u0130ran&#39;\u0131n ba\u015fkenti Tahran&#39;\u0131 vuruyor. <a href=\"https:\/\/t.co\/BJq3m9P0Jf\">pic.twitter.com\/BJq3m9P0Jf<\/a><\/p>&mdash; BPT (@bpthaber) <a href=\"https:\/\/twitter.com\/bpthaber\/status\/2027631366515421516?ref_src=twsrc%5Etfw\">February 28, 2026<\/a><\/blockquote><script async src=\"https:\/\/platform.twitter.com\/widgets.js\" charset=\"utf-8\"><\/script>\n<\/div><\/figure>\n\n\n\n<p>Bu sald\u0131r\u0131lar\u0131n \u00fczerine \u00fcst d\u00fczey bir \u0130ran yetkilisi &#8220;Orta Do\u011fu\u2019daki t\u00fcm ABD \u00fcsleri art\u0131k hedefimizde.&#8221; ifadelerini kulland\u0131 ve \u0130ran devleti misilleme olarak \u0130srail, Katar, Birle\u015fik Arap Emirlikleri, Bahreyn, Irak ve Kuveyt olmak \u00fczere Amerikan askeri \u00fcslerine \u00e7e\u015fitli sald\u0131r\u0131lar ba\u015flatt\u0131.<\/p>\n\n\n\n<figure class=\"wp-block-embed is-type-rich is-provider-twitter wp-block-embed-twitter\"><div class=\"wp-block-embed__wrapper\">\n<blockquote class=\"twitter-tweet\" data-width=\"550\" data-dnt=\"true\"><p lang=\"tr\" dir=\"ltr\"><a href=\"https:\/\/twitter.com\/hashtag\/SONDAK%C4%B0KA?src=hash&amp;ref_src=twsrc%5Etfw\">#SONDAK\u0130KA<\/a><br><br>\ud83d\udd34 \u0130ran, Bahreyn&#39;deki ABD \u00fcss\u00fcn\u00fc vurdu. <a href=\"https:\/\/t.co\/36ooj6KLXl\">pic.twitter.com\/36ooj6KLXl<\/a><\/p>&mdash; Conflict (@ConflictTR) <a href=\"https:\/\/twitter.com\/ConflictTR\/status\/2027672609605767634?ref_src=twsrc%5Etfw\">February 28, 2026<\/a><\/blockquote><script async src=\"https:\/\/platform.twitter.com\/widgets.js\" charset=\"utf-8\"><\/script>\n<\/div><\/figure>\n\n\n\n<p><strong>\u0130ran&#8217;daki Molla rejimini devirme amac\u0131 ta\u015f\u0131yan ABD-\u0130srail ortak operasyonunun \u00f6n\u00fcm\u00fczdeki birka\u00e7 g\u00fcn boyunca s\u00fcrece\u011fi tahmin ediliyor.<\/strong><\/p>\n\n\n\n<figure class=\"wp-block-image size-full is-resized\"><img loading=\"lazy\" decoding=\"async\" width=\"765\" height=\"765\" src=\"https:\/\/diplomatica.tr\/wp-content\/uploads\/2026\/02\/HCPHStFXUAA3O_P.png\" alt=\"\" class=\"wp-image-1086\" style=\"width:280px;height:auto\" srcset=\"https:\/\/diplomatica.tr\/wp-content\/uploads\/2026\/02\/HCPHStFXUAA3O_P.png 765w, https:\/\/diplomatica.tr\/wp-content\/uploads\/2026\/02\/HCPHStFXUAA3O_P-300x300.png 300w, https:\/\/diplomatica.tr\/wp-content\/uploads\/2026\/02\/HCPHStFXUAA3O_P-150x150.png 150w\" sizes=\"auto, (max-width: 765px) 100vw, 765px\" \/><\/figure>\n\n\n\n<p><strong>Bu durum \u00fczerine T\u00fcrk Hava Yollar\u0131; L\u00fcbnan, Suriye, Irak, \u0130ran, \u00dcrd\u00fcn, Katar, Kuveyt, Bahreyn, Birle\u015fik Arap Emirlikleri ve Umman\u2019a u\u00e7u\u015flar\u0131n\u0131 iptal etme karar\u0131 ald\u0131<\/strong>.<\/p>\n\n\n\n<p><a href=\"https:\/\/x.com\/bpthaber\/status\/2027683417425420677\/photo\/1\"><\/a><a href=\"https:\/\/x.com\/ConflictTR\/status\/2027668263090417708\/photo\/1\"><\/a><\/p>\n","protected":false},"excerpt":{"rendered":"<p>D\u00fcn gece ABD&#8217;nin vatanda\u015flar\u0131n\u0131 \u0130ran&#8217;\u0131 terk etmesini istemesi \u00fczerine bug\u00fcn sabah saatlerinde ABD-\u0130srail g\u00fc\u00e7leri \u0130ran&#8217;\u0131n ba\u015fkenti Tahran&#8217;a ortak<\/p>\n","protected":false},"author":1,"featured_media":1085,"comment_status":"open","ping_status":"open","sticky":false,"template":"","format":"standard","meta":{"footnotes":""},"categories":[1],"tags":[],"class_list":["post-1083","post","type-post","status-publish","format-standard","has-post-thumbnail","hentry","category-siyaset"],"_links":{"self":[{"href":"https:\/\/diplomatica.tr\/index.php?rest_route=\/wp\/v2\/posts\/1083","targetHints":{"allow":["GET"]}}],"collection":[{"href":"https:\/\/diplomatica.tr\/index.php?rest_route=\/wp\/v2\/posts"}],"about":[{"href":"https:\/\/diplomatica.tr\/index.php?rest_route=\/wp\/v2\/types\/post"}],"author":[{"embeddable":true,"href":"https:\/\/diplomatica.tr\/index.php?rest_route=\/wp\/v2\/users\/1"}],"replies":[{"embeddable":true,"href":"https:\/\/diplomatica.tr\/index.php?rest_route=%2Fwp%2Fv2%2Fcomments&post=1083"}],"version-history":[{"count":1,"href":"https:\/\/diplomatica.tr\/index.php?rest_route=\/wp\/v2\/posts\/1083\/revisions"}],"predecessor-version":[{"id":1087,"href":"https:\/\/diplomatica.tr\/index.php?rest_route=\/wp\/v2\/posts\/1083\/revisions\/1087"}],"wp:featuredmedia":[{"embeddable":true,"href":"https:\/\/diplomatica.tr\/index.php?rest_route=\/wp\/v2\/media\/1085"}],"wp:attachment":[{"href":"https:\/\/diplomatica.tr\/index.php?rest_route=%2Fwp%2Fv2%2Fmedia&parent=1083"}],"wp:term":[{"taxonomy":"category","embeddable":true,"href":"https:\/\/diplomatica.tr\/index.php?rest_route=%2Fwp%2Fv2%2Fcategories&post=1083"},{"taxonomy":"post_tag","embeddable":true,"href":"https:\/\/diplomatica.tr\/index.php?rest_route=%2Fwp%2Fv2%2Ftags&post=1083"}],"curies":[{"name":"wp","href":"https:\/\/api.w.org\/{rel}","templated":true}]}}