{"id":1078,"date":"2026-01-29T22:40:24","date_gmt":"2026-01-29T19:40:24","guid":{"rendered":"https:\/\/diplomatica.tr\/?p=1078"},"modified":"2026-01-29T22:40:29","modified_gmt":"2026-01-29T19:40:29","slug":"apple-creator-studio-adobe-creative-cloud-karsilastirmasi","status":"publish","type":"post","link":"https:\/\/diplomatica.tr\/?p=1078","title":{"rendered":"Apple Creator Studio &amp; Adobe Creative Cloud Kar\u015f\u0131la\u015ft\u0131rmas\u0131"},"content":{"rendered":"\n<figure class=\"wp-block-image size-large\"><img loading=\"lazy\" decoding=\"async\" width=\"1024\" height=\"576\" src=\"https:\/\/diplomatica.tr\/wp-content\/uploads\/2026\/01\/Apple-Creator-Studio-hero_571x321.jpg.large_-1024x576.jpg\" alt=\"\" class=\"wp-image-1080\" srcset=\"https:\/\/diplomatica.tr\/wp-content\/uploads\/2026\/01\/Apple-Creator-Studio-hero_571x321.jpg.large_-1024x576.jpg 1024w, https:\/\/diplomatica.tr\/wp-content\/uploads\/2026\/01\/Apple-Creator-Studio-hero_571x321.jpg.large_-300x169.jpg 300w, https:\/\/diplomatica.tr\/wp-content\/uploads\/2026\/01\/Apple-Creator-Studio-hero_571x321.jpg.large_-768x432.jpg 768w, https:\/\/diplomatica.tr\/wp-content\/uploads\/2026\/01\/Apple-Creator-Studio-hero_571x321.jpg.large_-1536x864.jpg 1536w, https:\/\/diplomatica.tr\/wp-content\/uploads\/2026\/01\/Apple-Creator-Studio-hero_571x321.jpg.large_.jpg 1920w\" sizes=\"auto, (max-width: 1024px) 100vw, 1024px\" \/><\/figure>\n\n\n\n<p><strong>Apple Creator Studio ile Adobe Creative Cloud Pro Kar\u015f\u0131 Kar\u015f\u0131ya<\/strong><\/p>\n\n\n\n<p>Yarat\u0131c\u0131 profesyoneller i\u00e7in yaz\u0131l\u0131m d\u00fcnyas\u0131n\u0131n iki b\u00fcy\u00fck oyuncusu Apple ve Adobe, abonelik tabanl\u0131 paketleriyle farkl\u0131 kullan\u0131c\u0131 profillerine hitap ediyor. <strong>Adobe Creative Cloud Pro<\/strong>, y\u0131llard\u0131r sekt\u00f6rde standart kabul edilen geni\u015f ara\u00e7 yelpazesiyle \u00f6ne \u00e7\u0131karken, <strong>Apple Creator Studio<\/strong> daha sade ama g\u00fc\u00e7l\u00fc bir alternatif olarak dikkat \u00e7ekiyor.<\/p>\n\n\n\n<p>Adobe Creative Cloud Pro, toplam 22 uygulamadan olu\u015fan kapsaml\u0131 bir paket sunuyor. Foto\u011fraf d\u00fczenlemeden grafik tasar\u0131ma, video prod\u00fcksiyonundan animasyona, web tasar\u0131m\u0131ndan sosyal medya i\u00e7eriklerine kadar neredeyse t\u00fcm yarat\u0131c\u0131 alanlar\u0131 kapsayan bu paket, \u00f6zellikle profesyonel kullan\u0131c\u0131lar\u0131 hedefliyor. Photoshop, Premiere Pro ve After Effects gibi sekt\u00f6r standard\u0131 uygulamalara ek olarak, Acrobat Pro ve Adobe Scan gibi i\u015f d\u00fcnyas\u0131na y\u00f6nelik ara\u00e7lar da pakete dahil.<\/p>\n\n\n\n<p>Bunun yan\u0131nda Adobe, kullan\u0131c\u0131lar\u0131na \u00fcretken yapay zek\u00e2 \u00f6zellikleri i\u00e7in ayl\u0131k kredi, binlerce stok g\u00f6rsel ve video i\u00e7eren Adobe Stock eri\u015fimi, 30 bini a\u015fk\u0131n yaz\u0131 tipi bar\u0131nd\u0131ran Adobe Fonts ve ki\u015fisel portf\u00f6y olu\u015fturma imk\u00e2n\u0131 sunan Adobe Portfolio gibi ek hizmetler de sa\u011fl\u0131yor.<\/p>\n\n\n\n<p>Apple taraf\u0131nda ise tablo daha sade. <strong>Apple Creator Studio<\/strong>, Adobe\u2019ye k\u0131yasla daha k\u00fc\u00e7\u00fck bir uygulama listesine sahip olsa da, i\u00e7erdi\u011fi ara\u00e7lar profesyonel seviyede \u00fcretim i\u00e7in yeterli g\u00f6r\u00fcl\u00fcyor. Paket; Final Cut Pro, Logic Pro, Motion, Compressor ve Pixelmator Pro gibi uygulamalar\u0131 tek \u00e7at\u0131 alt\u0131nda topluyor. Apple\u2019\u0131n en \u00f6nemli avantaj\u0131 ise bu ara\u00e7lar\u0131n hem Mac hem de iPad \u00fczerinde kullan\u0131labilmesi.<\/p>\n\n\n\n<p>Apple ayr\u0131ca Keynote, Pages, Numbers ve Freeform gibi zaten \u00fccretsiz olan uygulamalar\u0131 da paketin par\u00e7as\u0131 olarak sunuyor. Ancak bu uygulamalar, abonelere \u00f6zel premium \u015fablonlar ve ek \u00f6zelliklerle destekleniyor.<\/p>\n\n\n\n<p><strong>Video Taraf\u0131nda Dengeler Nas\u0131l?<\/strong><\/p>\n\n\n\n<p>Video \u00fcretimi s\u00f6z konusu oldu\u011funda Adobe, g\u00fc\u00e7l\u00fc ve k\u00f6kl\u00fc bir ekosisteme sahip. Premiere Pro h\u00e2l\u00e2 bir\u00e7ok profesyonel i\u00e7in vazge\u00e7ilmez bir ara\u00e7 olarak kabul ediliyor. Daha h\u0131zl\u0131 ve hafif i\u015fler i\u00e7in Premiere Rush, ileri seviye hareketli grafikler i\u00e7in ise After Effects \u00f6ne \u00e7\u0131k\u0131yor. Apple taraf\u0131nda ise Final Cut Pro, \u00f6zellikle performans\u0131 ve Apple donan\u0131mlar\u0131yla olan uyumu sayesinde g\u00fc\u00e7l\u00fc bir rakip olarak konumlan\u0131yor.<\/p>\n\n\n\n<p>Her iki platform da video d\u0131\u015fa aktar\u0131m\u0131 ve formatlama i\u00e7in benzer \u00e7\u00f6z\u00fcmler sunarken, Adobe\u2019nin animasyon alan\u0131ndaki ara\u00e7 \u00e7e\u015fitlili\u011fi Apple\u2019a k\u0131yasla daha geni\u015f. Bu durum, animasyon a\u011f\u0131rl\u0131kl\u0131 \u00e7al\u0131\u015fan profesyoneller i\u00e7in Adobe\u2019yi \u00f6ne \u00e7\u0131kar\u0131yor.<\/p>\n\n\n\n<p><strong>G\u00f6rsel Tasar\u0131m ve Foto\u011fraf<\/strong><\/p>\n\n\n\n<p>G\u00f6rsel d\u00fczenleme alan\u0131nda Adobe\u2019nin \u00fcst\u00fcnl\u00fc\u011f\u00fc tart\u0131\u015fmas\u0131z. Photoshop, Illustrator, InDesign ve Lightroom gibi uygulamalar farkl\u0131 ihtiya\u00e7lara \u00f6zel \u00e7\u00f6z\u00fcmler sunuyor. Apple Creator Studio\u2019da ise bu alandaki y\u00fck b\u00fcy\u00fck \u00f6l\u00e7\u00fcde Pixelmator Pro\u2019ya d\u00fc\u015f\u00fcyor. Pixelmator Pro, \u00e7ok y\u00f6nl\u00fc bir ara\u00e7 olsa da Adobe\u2019nin sundu\u011fu uzmanla\u015fm\u0131\u015f uygulama \u00e7e\u015fitlili\u011fine sahip de\u011fil.<\/p>\n\n\n\n<p>Foto\u011fraf\u00e7\u0131l\u0131k taraf\u0131nda da benzer bir tablo g\u00f6r\u00fcl\u00fcyor. Adobe, foto\u011fraf\u00e7\u0131lara \u00f6zel g\u00fc\u00e7l\u00fc ara\u00e7lar sunarken Apple daha \u00e7ok sistem i\u00e7i Foto\u011fraflar uygulamas\u0131 ve Pixelmator Pro \u00fczerinden ilerliyor.<\/p>\n\n\n\n<p><strong>Ses ve M\u00fczikte Farkl\u0131 Yakla\u015f\u0131mlar<\/strong><\/p>\n\n\n\n<p>Ses taraf\u0131nda iki \u015firketin yakla\u015f\u0131m\u0131 tamamen farkl\u0131. Adobe Audition, mevcut ses kay\u0131tlar\u0131n\u0131 d\u00fczenlemeye ve iyile\u015ftirmeye odaklan\u0131rken; Apple Logic Pro ile kullan\u0131c\u0131y\u0131 do\u011frudan m\u00fczik \u00fcretimine y\u00f6nlendiriyor. Logic Pro, kay\u0131t almadan miksaj ve mastering\u2019e kadar t\u00fcm s\u00fcreci kapsayan bir dijital ses i\u015f istasyonu olarak \u00f6ne \u00e7\u0131k\u0131yor. Ayr\u0131ca iPad deste\u011fi ve canl\u0131 performanslara y\u00f6nelik \u00e7\u00f6z\u00fcmleriyle Apple, bu alanda g\u00fc\u00e7l\u00fc bir ekosistem sunuyor.<\/p>\n\n\n\n<p><strong>Hangisi Kime Uygun?<\/strong><\/p>\n\n\n\n<p>Adobe Creative Cloud Pro, geni\u015f kapsam\u0131 ve sekt\u00f6r standard\u0131 h\u00e2line gelmi\u015f ara\u00e7lar\u0131yla profesyoneller i\u00e7in h\u00e2l\u00e2 en g\u00fc\u00e7l\u00fc se\u00e7eneklerden biri. Ancak y\u00fcksek fiyat\u0131, bireysel kullan\u0131c\u0131lar ve yeni ba\u015flayanlar i\u00e7in \u00f6nemli bir engel olu\u015fturabiliyor.<\/p>\n\n\n\n<p>Apple Creator Studio ise daha uygun fiyat\u0131 ve sade yap\u0131s\u0131yla, ileri seviye ama karma\u015f\u0131k olmayan ara\u00e7lar arayan kullan\u0131c\u0131lar i\u00e7in cazip bir alternatif sunuyor. \u00d6zellikle iMovie ve GarageBand\u2019in \u00f6tesine ge\u00e7mek isteyenler i\u00e7in Apple\u2019\u0131n paketi dikkat \u00e7ekici bir se\u00e7enek olarak \u00f6ne \u00e7\u0131k\u0131yor.<\/p>\n","protected":false},"excerpt":{"rendered":"<p>Apple Creator Studio ile Adobe Creative Cloud Pro Kar\u015f\u0131 Kar\u015f\u0131ya Yarat\u0131c\u0131 profesyoneller i\u00e7in yaz\u0131l\u0131m d\u00fcnyas\u0131n\u0131n iki b\u00fcy\u00fck oyuncusu<\/p>\n","protected":false},"author":2,"featured_media":0,"comment_status":"open","ping_status":"open","sticky":false,"template":"","format":"standard","meta":{"footnotes":""},"categories":[9],"tags":[],"class_list":["post-1078","post","type-post","status-publish","format-standard","hentry","category-teknoloji"],"_links":{"self":[{"href":"https:\/\/diplomatica.tr\/index.php?rest_route=\/wp\/v2\/posts\/1078","targetHints":{"allow":["GET"]}}],"collection":[{"href":"https:\/\/diplomatica.tr\/index.php?rest_route=\/wp\/v2\/posts"}],"about":[{"href":"https:\/\/diplomatica.tr\/index.php?rest_route=\/wp\/v2\/types\/post"}],"author":[{"embeddable":true,"href":"https:\/\/diplomatica.tr\/index.php?rest_route=\/wp\/v2\/users\/2"}],"replies":[{"embeddable":true,"href":"https:\/\/diplomatica.tr\/index.php?rest_route=%2Fwp%2Fv2%2Fcomments&post=1078"}],"version-history":[{"count":2,"href":"https:\/\/diplomatica.tr\/index.php?rest_route=\/wp\/v2\/posts\/1078\/revisions"}],"predecessor-version":[{"id":1081,"href":"https:\/\/diplomatica.tr\/index.php?rest_route=\/wp\/v2\/posts\/1078\/revisions\/1081"}],"wp:attachment":[{"href":"https:\/\/diplomatica.tr\/index.php?rest_route=%2Fwp%2Fv2%2Fmedia&parent=1078"}],"wp:term":[{"taxonomy":"category","embeddable":true,"href":"https:\/\/diplomatica.tr\/index.php?rest_route=%2Fwp%2Fv2%2Fcategories&post=1078"},{"taxonomy":"post_tag","embeddable":true,"href":"https:\/\/diplomatica.tr\/index.php?rest_route=%2Fwp%2Fv2%2Ftags&post=1078"}],"curies":[{"name":"wp","href":"https:\/\/api.w.org\/{rel}","templated":true}]}}