{"id":1060,"date":"2026-01-11T14:07:07","date_gmt":"2026-01-11T11:07:07","guid":{"rendered":"https:\/\/diplomatica.tr\/?p=1060"},"modified":"2026-01-11T14:07:13","modified_gmt":"2026-01-11T11:07:13","slug":"super-kupa-fenerbahcenin","status":"publish","type":"post","link":"https:\/\/diplomatica.tr\/?p=1060","title":{"rendered":"S\u00dcPER KUPA FENERBAH\u00c7E&#8217;N\u0130N!"},"content":{"rendered":"\n<p>Fenerbah\u00e7e, finalde kar\u015f\u0131la\u015ft\u0131\u011f\u0131 Galatasaray&#8217;\u0131 ma\u011flup ederek S\u00fcper Kupa&#8217;n\u0131n sahibi oldu.<\/p>\n\n\n\n<p>Turkcell S\u00fcper Kupa&#8217;n\u0131n finalinde\u00a0Galatasaray ile Fenerbah\u00e7e\u00a0kar\u015f\u0131 kar\u015f\u0131ya geldi.<\/p>\n\n\n\n<p>Atat\u00fcrk Olimpiyat Stad\u0131&#8217;nda oynanan m\u00fcsabaka, sar\u0131-lacivertlilerin 2-0&#8217;l\u0131k \u00fcst\u00fcnl\u00fc\u011f\u00fcyle sonu\u00e7land\u0131.<\/p>\n\n\n\n<p>Fenerbah\u00e7e&#8217;ye galibiyeti getiren golleri 28. dakikada Matteo Guendouzi ve 48. dakikada Jayden Oosterwolde kaydetti.<\/p>\n\n\n\n<p>Bu skorun ard\u0131ndan Fenerbah\u00e7e, S\u00fcper Kupa&#8217;y\u0131 m\u00fczesine g\u00f6t\u00fcren taraf oldu. Sar\u0131-lacivertliler, tarihinde d\u00f6rd\u00fcnc\u00fc kez bu ba\u015far\u0131y\u0131 sa\u011flad\u0131.<\/p>\n\n\n\n<p><strong>MA\u00c7IN GAL\u0130B\u0130 MA\u00c7 \u00d6NCES\u0130NDEN BELL\u0130YD\u0130<\/strong><\/p>\n\n\n\n<p>Fenerbah\u00e7e y\u00f6netiminin ma\u00e7 \u00f6ncesi taraftar\u0131na da\u011f\u0131tt\u0131\u011f\u0131 ya\u011fmurlu\u011fun kalitesi ve Galatasaray y\u00f6netiminin taraftar\u0131na reva g\u00f6rd\u00fc\u011f\u00fc ya\u011fmurluklar bile ma\u00e7 \u00f6ncesinde kimin bir ad\u0131m \u00f6nde oldu\u011funu g\u00f6stermi\u015fti asl\u0131nda.<\/p>\n\n\n\n<p>Ayr\u0131ca Fenerbah\u00e7e daha birka\u00e7 g\u00fcn \u00f6nce indirdi\u011fi 2 transferi Musaba ve Guendouzi&#8217;den maksimum verim al\u0131rken Galatasaray y\u00f6netiminin halen hi\u00e7bir transfer a\u00e7\u0131klamam\u0131\u015f olmas\u0131 ve Galatasarayl\u0131 oyuncular\u0131n ba\u015far\u0131ya tok hale gelmeleri bug\u00fcn finalden ba\u015flar\u0131 \u00f6ne e\u011fik \u015fekilde ayr\u0131lmalar\u0131na sebep oldu. <\/p>\n\n\n\n<figure class=\"wp-block-embed is-type-rich is-provider-twitter wp-block-embed-twitter\"><div class=\"wp-block-embed__wrapper\">\n<blockquote class=\"twitter-tweet\" data-width=\"550\" data-dnt=\"true\"><p lang=\"in\" dir=\"ltr\">Gol: Guendouzi \u26bd (Dk. 28)<a href=\"https:\/\/twitter.com\/hashtag\/Galatasaray?src=hash&amp;ref_src=twsrc%5Etfw\">#Galatasaray<\/a> <a href=\"https:\/\/twitter.com\/hashtag\/Fenerbah%C3%A7e?src=hash&amp;ref_src=twsrc%5Etfw\">#Fenerbah\u00e7e<\/a> <a href=\"https:\/\/twitter.com\/hashtag\/atv?src=hash&amp;ref_src=twsrc%5Etfw\">#atv<\/a> <a href=\"https:\/\/twitter.com\/hashtag\/turkcells%C3%BCperkupa?src=hash&amp;ref_src=twsrc%5Etfw\">#turkcells\u00fcperkupa<\/a> <a href=\"https:\/\/twitter.com\/hashtag\/GSvFB?src=hash&amp;ref_src=twsrc%5Etfw\">#GSvFB<\/a> <a href=\"https:\/\/t.co\/EvFtpTQgph\">pic.twitter.com\/EvFtpTQgph<\/a><\/p>&mdash; atv (@atvcomtr) <a href=\"https:\/\/twitter.com\/atvcomtr\/status\/2010022975395758255?ref_src=twsrc%5Etfw\">January 10, 2026<\/a><\/blockquote><script async src=\"https:\/\/platform.twitter.com\/widgets.js\" charset=\"utf-8\"><\/script>\n<\/div><\/figure>\n\n\n\n<p><strong>Guendouizi&#8217;nin Fenerbah\u00e7e&#8217;yi 1-0 \u00f6ne ge\u00e7iren gol\u00fc<\/strong> (Dk. 28)<\/p>\n\n\n\n<figure class=\"wp-block-embed is-type-rich is-provider-twitter wp-block-embed-twitter\"><div class=\"wp-block-embed__wrapper\">\n<blockquote class=\"twitter-tweet\" data-width=\"550\" data-dnt=\"true\"><p lang=\"tr\" dir=\"ltr\">Galatasaray: 0 &#8211; Fenerbah\u00e7e: 2<br>Gol: Oosterwolde \u26bd (Dk. 48)<a href=\"https:\/\/twitter.com\/hashtag\/Galatasaray?src=hash&amp;ref_src=twsrc%5Etfw\">#Galatasaray<\/a> <a href=\"https:\/\/twitter.com\/hashtag\/Fenerbah%C3%A7e?src=hash&amp;ref_src=twsrc%5Etfw\">#Fenerbah\u00e7e<\/a> <a href=\"https:\/\/twitter.com\/hashtag\/atv?src=hash&amp;ref_src=twsrc%5Etfw\">#atv<\/a> <a href=\"https:\/\/twitter.com\/hashtag\/turkcells%C3%BCperkupa?src=hash&amp;ref_src=twsrc%5Etfw\">#turkcells\u00fcperkupa<\/a> <a href=\"https:\/\/twitter.com\/hashtag\/GSvFB?src=hash&amp;ref_src=twsrc%5Etfw\">#GSvFB<\/a> <a href=\"https:\/\/t.co\/CvgHmghk6M\">pic.twitter.com\/CvgHmghk6M<\/a><\/p>&mdash; atv (@atvcomtr) <a href=\"https:\/\/twitter.com\/atvcomtr\/status\/2010033854350868840?ref_src=twsrc%5Etfw\">January 10, 2026<\/a><\/blockquote><script async src=\"https:\/\/platform.twitter.com\/widgets.js\" charset=\"utf-8\"><\/script>\n<\/div><\/figure>\n\n\n\n<p><strong>Oosterwolde&#8217;nin ma\u00e7\u0131n skorunu belirleyen gol\u00fc<\/strong> (Dk. 48)<\/p>\n","protected":false},"excerpt":{"rendered":"<p>Fenerbah\u00e7e, finalde kar\u015f\u0131la\u015ft\u0131\u011f\u0131 Galatasaray&#8217;\u0131 ma\u011flup ederek S\u00fcper Kupa&#8217;n\u0131n sahibi oldu. Turkcell S\u00fcper Kupa&#8217;n\u0131n finalinde\u00a0Galatasaray ile Fenerbah\u00e7e\u00a0kar\u015f\u0131 kar\u015f\u0131ya geldi.<\/p>\n","protected":false},"author":1,"featured_media":1062,"comment_status":"open","ping_status":"open","sticky":false,"template":"","format":"standard","meta":{"footnotes":""},"categories":[8],"tags":[201,128,336,335],"class_list":["post-1060","post","type-post","status-publish","format-standard","has-post-thumbnail","hentry","category-spor","tag-fenerbahce-2","tag-galatasaray","tag-sampiyon","tag-super-kupa"],"_links":{"self":[{"href":"https:\/\/diplomatica.tr\/index.php?rest_route=\/wp\/v2\/posts\/1060","targetHints":{"allow":["GET"]}}],"collection":[{"href":"https:\/\/diplomatica.tr\/index.php?rest_route=\/wp\/v2\/posts"}],"about":[{"href":"https:\/\/diplomatica.tr\/index.php?rest_route=\/wp\/v2\/types\/post"}],"author":[{"embeddable":true,"href":"https:\/\/diplomatica.tr\/index.php?rest_route=\/wp\/v2\/users\/1"}],"replies":[{"embeddable":true,"href":"https:\/\/diplomatica.tr\/index.php?rest_route=%2Fwp%2Fv2%2Fcomments&post=1060"}],"version-history":[{"count":1,"href":"https:\/\/diplomatica.tr\/index.php?rest_route=\/wp\/v2\/posts\/1060\/revisions"}],"predecessor-version":[{"id":1063,"href":"https:\/\/diplomatica.tr\/index.php?rest_route=\/wp\/v2\/posts\/1060\/revisions\/1063"}],"wp:featuredmedia":[{"embeddable":true,"href":"https:\/\/diplomatica.tr\/index.php?rest_route=\/wp\/v2\/media\/1062"}],"wp:attachment":[{"href":"https:\/\/diplomatica.tr\/index.php?rest_route=%2Fwp%2Fv2%2Fmedia&parent=1060"}],"wp:term":[{"taxonomy":"category","embeddable":true,"href":"https:\/\/diplomatica.tr\/index.php?rest_route=%2Fwp%2Fv2%2Fcategories&post=1060"},{"taxonomy":"post_tag","embeddable":true,"href":"https:\/\/diplomatica.tr\/index.php?rest_route=%2Fwp%2Fv2%2Ftags&post=1060"}],"curies":[{"name":"wp","href":"https:\/\/api.w.org\/{rel}","templated":true}]}}