{"id":1052,"date":"2025-12-24T00:32:46","date_gmt":"2025-12-23T21:32:46","guid":{"rendered":"https:\/\/diplomatica.tr\/?p=1052"},"modified":"2025-12-24T00:32:52","modified_gmt":"2025-12-23T21:32:52","slug":"son-dakika-libya-genelkurmay-baskani-orgeneral-al-haddadin-ucagi-ankarada-dustu","status":"publish","type":"post","link":"https:\/\/diplomatica.tr\/?p=1052","title":{"rendered":"SON DAK\u0130KA: Libya Genelkurmay Ba\u015fkan\u0131 Orgeneral AL-Haddad&#8217;\u0131n u\u00e7a\u011f\u0131 Ankara&#8217;da d\u00fc\u015ft\u00fc!"},"content":{"rendered":"\n<p>Libya Genelkurmay Ba\u015fkan\u0131 Al-Haddad&#8217;\u0131n u\u00e7a\u011f\u0131n\u0131n Ankara&#8217;da d\u00fc\u015fmesi sonucu Ankara Esenbo\u011fa Havaliman\u0131, u\u00e7u\u015fa kapat\u0131ld\u0131.<\/p>\n\n\n\n<p>Olay sonras\u0131 \u0130\u00e7i\u015fleri Bakan\u0131 Yerlikaya: &#8220;Ankara Esenbo\u011fa Havaliman\u0131\u2019ndan Tripoli\u2019ye gitmek \u00fczere havalanan u\u00e7a\u011f\u0131n enkaz\u0131na Haymana il\u00e7esi Kesikkavak K\u00f6y\u00fc\u2019n\u00fcn 2 km. g\u00fcneyinde Jandarmam\u0131z taraf\u0131ndan ula\u015f\u0131lm\u0131\u015ft\u0131r.&#8221; \u0130fadelerini kulland\u0131.<\/p>\n\n\n\n<p>Aralar\u0131nda Libya Genelkurmay Ba\u015fkan\u0131 Al-Haddad&#8217;\u0131n bulundu\u011fu 5 ki\u015filik \u00fcst d\u00fczey Libyal\u0131 heyetin hayat\u0131n\u0131 kaybetmesi sonucu Libya&#8217;da 3 g\u00fcnl\u00fck yas ilan edildi.<\/p>\n","protected":false},"excerpt":{"rendered":"<p>Libya Genelkurmay Ba\u015fkan\u0131 Al-Haddad&#8217;\u0131n u\u00e7a\u011f\u0131n\u0131n Ankara&#8217;da d\u00fc\u015fmesi sonucu Ankara Esenbo\u011fa Havaliman\u0131, u\u00e7u\u015fa kapat\u0131ld\u0131. Olay sonras\u0131 \u0130\u00e7i\u015fleri Bakan\u0131 Yerlikaya:<\/p>\n","protected":false},"author":1,"featured_media":1057,"comment_status":"open","ping_status":"open","sticky":false,"template":"","format":"standard","meta":{"footnotes":""},"categories":[1],"tags":[],"class_list":["post-1052","post","type-post","status-publish","format-standard","has-post-thumbnail","hentry","category-siyaset"],"_links":{"self":[{"href":"https:\/\/diplomatica.tr\/index.php?rest_route=\/wp\/v2\/posts\/1052","targetHints":{"allow":["GET"]}}],"collection":[{"href":"https:\/\/diplomatica.tr\/index.php?rest_route=\/wp\/v2\/posts"}],"about":[{"href":"https:\/\/diplomatica.tr\/index.php?rest_route=\/wp\/v2\/types\/post"}],"author":[{"embeddable":true,"href":"https:\/\/diplomatica.tr\/index.php?rest_route=\/wp\/v2\/users\/1"}],"replies":[{"embeddable":true,"href":"https:\/\/diplomatica.tr\/index.php?rest_route=%2Fwp%2Fv2%2Fcomments&post=1052"}],"version-history":[{"count":1,"href":"https:\/\/diplomatica.tr\/index.php?rest_route=\/wp\/v2\/posts\/1052\/revisions"}],"predecessor-version":[{"id":1058,"href":"https:\/\/diplomatica.tr\/index.php?rest_route=\/wp\/v2\/posts\/1052\/revisions\/1058"}],"wp:featuredmedia":[{"embeddable":true,"href":"https:\/\/diplomatica.tr\/index.php?rest_route=\/wp\/v2\/media\/1057"}],"wp:attachment":[{"href":"https:\/\/diplomatica.tr\/index.php?rest_route=%2Fwp%2Fv2%2Fmedia&parent=1052"}],"wp:term":[{"taxonomy":"category","embeddable":true,"href":"https:\/\/diplomatica.tr\/index.php?rest_route=%2Fwp%2Fv2%2Fcategories&post=1052"},{"taxonomy":"post_tag","embeddable":true,"href":"https:\/\/diplomatica.tr\/index.php?rest_route=%2Fwp%2Fv2%2Ftags&post=1052"}],"curies":[{"name":"wp","href":"https:\/\/api.w.org\/{rel}","templated":true}]}}