{"id":1034,"date":"2025-12-12T19:38:36","date_gmt":"2025-12-12T16:38:36","guid":{"rendered":"https:\/\/diplomatica.tr\/?p=1034"},"modified":"2025-12-12T19:38:41","modified_gmt":"2025-12-12T16:38:41","slug":"ukrayna-icin-hazirlanan-baris-plani-taslagi-ulkenin-1-ocak-2027ye-kadar-avrupa-birligine-katilmasini-ongoruyor","status":"publish","type":"post","link":"https:\/\/diplomatica.tr\/?p=1034","title":{"rendered":"&#8220;Ukrayna i\u00e7in haz\u0131rlanan bar\u0131\u015f plan\u0131 tasla\u011f\u0131, \u00fclkenin 1 Ocak 2027\u2019ye kadar Avrupa Birli\u011fi\u2019ne kat\u0131lmas\u0131n\u0131 \u00f6ng\u00f6r\u00fcyor.&#8221;"},"content":{"rendered":"\n<p>Ukrayna ile Rusya aras\u0131ndaki sava\u015f\u0131n sona erdirilmesine y\u00f6nelik ABD \u00f6nc\u00fcl\u00fc\u011f\u00fcnde y\u00fcr\u00fct\u00fclen m\u00fczakereler kapsam\u0131nda haz\u0131rlanan taslak bir bar\u0131\u015f plan\u0131nda, Ukrayna\u2019n\u0131n Avrupa Birli\u011fi\u2019ne \u00fcyelik s\u00fcrecine ili\u015fkin dikkat \u00e7ekici iddialar yer ald\u0131.<\/p>\n\n\n\n<p>S\u00f6z konusu iddialar da Ukrayna\u2019n\u0131n Avrupa Birli\u011fi\u2019ne \u00fcyeli\u011finin 2026\u2019dan 2027\u2019ye \u00e7ekilmesine y\u00f6nelik g\u00f6r\u00fc\u015flerin yer ald\u0131\u011f\u0131 iddia edildi.<\/p>\n\n\n\n<p>Ayr\u0131ca Ukrayna&#8217;n\u0131n Kopenhag Kriterleri&#8217;nin tamam\u0131n\u0131 kar\u015f\u0131lamam\u0131\u015f olmas\u0131na ra\u011fmen s\u00f6z konusu taslakta ABD&#8217;nin de deste\u011fiyle Macaristan&#8217;\u0131n Ukrayna&#8217;n\u0131n \u00fcyeli\u011fine y\u00f6nelik vetosunu kald\u0131rmas\u0131yla Ukrayna&#8217;ya AB yolu g\u00f6z\u00fckece\u011fi iddia ediliyor.<\/p>\n\n\n\n<p>Ukrayna Devlet Ba\u015fkan\u0131 Zelenski ise bu s\u00fcre\u00e7 sonunda \u00fclkesinin Avrupa Birli\u011fi&#8217;ne girece\u011finden emin.<\/p>\n","protected":false},"excerpt":{"rendered":"<p>Ukrayna ile Rusya aras\u0131ndaki sava\u015f\u0131n sona erdirilmesine y\u00f6nelik ABD \u00f6nc\u00fcl\u00fc\u011f\u00fcnde y\u00fcr\u00fct\u00fclen m\u00fczakereler kapsam\u0131nda haz\u0131rlanan taslak bir bar\u0131\u015f plan\u0131nda,<\/p>\n","protected":false},"author":1,"featured_media":1035,"comment_status":"open","ping_status":"open","sticky":false,"template":"","format":"standard","meta":{"footnotes":""},"categories":[1],"tags":[],"class_list":["post-1034","post","type-post","status-publish","format-standard","has-post-thumbnail","hentry","category-siyaset"],"_links":{"self":[{"href":"https:\/\/diplomatica.tr\/index.php?rest_route=\/wp\/v2\/posts\/1034","targetHints":{"allow":["GET"]}}],"collection":[{"href":"https:\/\/diplomatica.tr\/index.php?rest_route=\/wp\/v2\/posts"}],"about":[{"href":"https:\/\/diplomatica.tr\/index.php?rest_route=\/wp\/v2\/types\/post"}],"author":[{"embeddable":true,"href":"https:\/\/diplomatica.tr\/index.php?rest_route=\/wp\/v2\/users\/1"}],"replies":[{"embeddable":true,"href":"https:\/\/diplomatica.tr\/index.php?rest_route=%2Fwp%2Fv2%2Fcomments&post=1034"}],"version-history":[{"count":1,"href":"https:\/\/diplomatica.tr\/index.php?rest_route=\/wp\/v2\/posts\/1034\/revisions"}],"predecessor-version":[{"id":1036,"href":"https:\/\/diplomatica.tr\/index.php?rest_route=\/wp\/v2\/posts\/1034\/revisions\/1036"}],"wp:featuredmedia":[{"embeddable":true,"href":"https:\/\/diplomatica.tr\/index.php?rest_route=\/wp\/v2\/media\/1035"}],"wp:attachment":[{"href":"https:\/\/diplomatica.tr\/index.php?rest_route=%2Fwp%2Fv2%2Fmedia&parent=1034"}],"wp:term":[{"taxonomy":"category","embeddable":true,"href":"https:\/\/diplomatica.tr\/index.php?rest_route=%2Fwp%2Fv2%2Fcategories&post=1034"},{"taxonomy":"post_tag","embeddable":true,"href":"https:\/\/diplomatica.tr\/index.php?rest_route=%2Fwp%2Fv2%2Ftags&post=1034"}],"curies":[{"name":"wp","href":"https:\/\/api.w.org\/{rel}","templated":true}]}}