{"id":1029,"date":"2025-12-12T19:24:33","date_gmt":"2025-12-12T16:24:33","guid":{"rendered":"https:\/\/diplomatica.tr\/?p=1029"},"modified":"2025-12-12T19:24:39","modified_gmt":"2025-12-12T16:24:39","slug":"sizdirilan-belgelere-gore-abd-avrupayi-yeniden-buyuk-yap-stratejisi-kapsaminda-italya-polonya-macaristan-ve-avusturyanin-abden-ayrilmasini-istiyor","status":"publish","type":"post","link":"https:\/\/diplomatica.tr\/?p=1029","title":{"rendered":"S\u0131zd\u0131r\u0131lan belgelere g\u00f6re ABD, \u201cAvrupa\u2019y\u0131 Yeniden B\u00fcy\u00fck Yap\u201d stratejisi kapsam\u0131nda \u0130talya, Polonya, Macaristan ve Avusturya\u2019n\u0131n AB\u2019den ayr\u0131lmas\u0131n\u0131 istiyor."},"content":{"rendered":"\n<p>ABD y\u00f6netimine ait oldu\u011fu \u00f6ne s\u00fcr\u00fclen bir ulusal g\u00fcvenlik stratejisi tasla\u011f\u0131n\u0131n s\u0131zd\u0131r\u0131ld\u0131\u011f\u0131 iddias\u0131, uluslararas\u0131 kamuoyunda tart\u0131\u015fmalara yol a\u00e7t\u0131.<\/p>\n\n\n\n<p>\u0130ddiaya g\u00f6re bu gizli taslak, \u201cMake Europe Great Again\u201d (Avrupa\u2019y\u0131 Yeniden B\u00fcy\u00fck Yap) ad\u0131 verilen bir yakla\u015f\u0131m kapsam\u0131nda, Avusturya, Macaristan, \u0130talya ve Polonya\u2019y\u0131 Avrupa Birli\u011fi\u2019nden uzakla\u015ft\u0131rmay\u0131 planl\u0131yor. <\/p>\n\n\n\n<p>Belgede, Avrupa\u2019n\u0131n g\u00f6\u00e7 politikalar\u0131n\u0131n ve Br\u00fcksel merkezli karar alma s\u00fcre\u00e7lerinin ulusal egemenlikleri zay\u0131flatt\u0131\u011f\u0131 ve k\u0131tan\u0131n \u201cmedeniyetsel erozyona\u201d u\u011frad\u0131\u011f\u0131 g\u00f6r\u00fc\u015f\u00fc dile getiriliyor.<\/p>\n\n\n\n<p>Bu nedenle, ABD\u2019nin bu d\u00f6rt \u00fclkeyle daha yak\u0131n ili\u015fkiler kurarak onlar\u0131 AB\u2019den \u00e7ekmeye y\u00f6nelik destek sa\u011flamas\u0131 gerekti\u011fi iddia ediliyor.<\/p>\n\n\n\n<p>S\u0131zd\u0131r\u0131ld\u0131\u011f\u0131 belirtilen belgede ayr\u0131ca Avrupa Birli\u011fi\u2019nin i\u00e7indeki ulusalc\u0131 ve muhafazak\u00e2r hareketlere, \u201cgeleneksel Avrupa de\u011ferlerini\u201d savunduklar\u0131 s\u00fcrece destek verilmesi gerekti\u011fi yer al\u0131rken, bu d\u00f6rt \u00fclke, g\u00f6\u00e7men kar\u015f\u0131t\u0131 politikalar\u0131 ve AB otoritesine \u015f\u00fcpheyle yakla\u015fan h\u00fck\u00fcmetleriyle \u00f6ne \u00e7\u0131kan \u00fclkeler konumundalar.<\/p>\n","protected":false},"excerpt":{"rendered":"<p>ABD y\u00f6netimine ait oldu\u011fu \u00f6ne s\u00fcr\u00fclen bir ulusal g\u00fcvenlik stratejisi tasla\u011f\u0131n\u0131n s\u0131zd\u0131r\u0131ld\u0131\u011f\u0131 iddias\u0131, uluslararas\u0131 kamuoyunda tart\u0131\u015fmalara yol a\u00e7t\u0131.<\/p>\n","protected":false},"author":1,"featured_media":1032,"comment_status":"open","ping_status":"open","sticky":false,"template":"","format":"standard","meta":{"footnotes":""},"categories":[1],"tags":[],"class_list":["post-1029","post","type-post","status-publish","format-standard","has-post-thumbnail","hentry","category-siyaset"],"_links":{"self":[{"href":"https:\/\/diplomatica.tr\/index.php?rest_route=\/wp\/v2\/posts\/1029","targetHints":{"allow":["GET"]}}],"collection":[{"href":"https:\/\/diplomatica.tr\/index.php?rest_route=\/wp\/v2\/posts"}],"about":[{"href":"https:\/\/diplomatica.tr\/index.php?rest_route=\/wp\/v2\/types\/post"}],"author":[{"embeddable":true,"href":"https:\/\/diplomatica.tr\/index.php?rest_route=\/wp\/v2\/users\/1"}],"replies":[{"embeddable":true,"href":"https:\/\/diplomatica.tr\/index.php?rest_route=%2Fwp%2Fv2%2Fcomments&post=1029"}],"version-history":[{"count":1,"href":"https:\/\/diplomatica.tr\/index.php?rest_route=\/wp\/v2\/posts\/1029\/revisions"}],"predecessor-version":[{"id":1033,"href":"https:\/\/diplomatica.tr\/index.php?rest_route=\/wp\/v2\/posts\/1029\/revisions\/1033"}],"wp:featuredmedia":[{"embeddable":true,"href":"https:\/\/diplomatica.tr\/index.php?rest_route=\/wp\/v2\/media\/1032"}],"wp:attachment":[{"href":"https:\/\/diplomatica.tr\/index.php?rest_route=%2Fwp%2Fv2%2Fmedia&parent=1029"}],"wp:term":[{"taxonomy":"category","embeddable":true,"href":"https:\/\/diplomatica.tr\/index.php?rest_route=%2Fwp%2Fv2%2Fcategories&post=1029"},{"taxonomy":"post_tag","embeddable":true,"href":"https:\/\/diplomatica.tr\/index.php?rest_route=%2Fwp%2Fv2%2Ftags&post=1029"}],"curies":[{"name":"wp","href":"https:\/\/api.w.org\/{rel}","templated":true}]}}