{"id":1022,"date":"2025-12-11T13:25:25","date_gmt":"2025-12-11T10:25:25","guid":{"rendered":"https:\/\/diplomatica.tr\/?p=1022"},"modified":"2025-12-11T13:26:45","modified_gmt":"2025-12-11T10:26:45","slug":"macaristan-hukumeti-2026-burs-basvurulari-basladi","status":"publish","type":"post","link":"https:\/\/diplomatica.tr\/?p=1022","title":{"rendered":"Macaristan H\u00fck\u00fbmeti 2026 Burs Ba\u015fvurular\u0131 Ba\u015flad\u0131!"},"content":{"rendered":"\n<p>Macaristan\u2019da lisans, y\u00fcksek lisans, doktora veya k\u0131sa d\u00f6nem e\u011fitim almak isteyen T\u00fcrk \u00f6\u011frenciler i\u00e7in \u00f6nemli bir f\u0131rsat sunan&nbsp;Macaristan H\u00fck\u00fbmeti Bursu (Stipendium Hungaricum), 2026 y\u0131l\u0131 ba\u015fvuru s\u00fcrecini resmen ba\u015flatt\u0131.<\/p>\n\n\n\n<p><strong>Stipendium Hungaricum Nedir?<\/strong><\/p>\n\n\n\n<p>Macaristan H\u00fck\u00fbmeti taraf\u0131ndan y\u00fcr\u00fct\u00fclen Stipendium Hungaricum burs program\u0131, d\u00fcnya genelinden uluslararas\u0131 \u00f6\u011frencilerin Macaristan\u2019daki y\u00fcksek\u00f6\u011fretim kurumlar\u0131nda e\u011fitim g\u00f6rmesine destek vermek amac\u0131yla olu\u015fturulmu\u015f tam burslu bir programd\u0131r. Program\u0131n temel hedefi, e\u011fitimde uluslararas\u0131 i\u015f birli\u011fini art\u0131rmak, ba\u015far\u0131 g\u00f6steren \u00f6\u011frencilere Avrupa\u2019da e\u011fitim f\u0131rsat\u0131 sa\u011flamak ve Macaristan\u2019\u0131n \u00fcniversitelerini uluslararas\u0131 arenada daha g\u00f6r\u00fcn\u00fcr k\u0131lmakt\u0131r. Bu kapsamda lisans, y\u00fcksek lisans, doktora ve baz\u0131 k\u0131sa d\u00f6nemli e\u011fitim programlar\u0131 gibi farkl\u0131 e\u011fitim d\u00fczeylerinde burs imk\u00e2n\u0131 sunulmaktad\u0131r.<\/p>\n\n\n\n<p><strong>Bursun Sa\u011flad\u0131\u011f\u0131 Avantajlar<\/strong><\/p>\n\n\n\n<p>Macaristan H\u00fck\u00fbmeti taraf\u0131ndan verilen bu burs, \u00f6\u011frencilerin rahat ve verimli bir akademik hayat s\u00fcrmeleri i\u00e7in kapsaml\u0131 destek sunar. Bunlar \u015fu \u015fekildedir:<\/p>\n\n\n\n<ul class=\"wp-block-list\">\n<li><strong>Tam \u00f6\u011frenim \u00fccreti muafiyeti<\/strong><\/li>\n\n\n\n<li><strong>Konaklama deste\u011fi veya ayl\u0131k konaklama katk\u0131s\u0131<\/strong><\/li>\n\n\n\n<li><strong>Ayl\u0131k burs \u00f6demesi (e\u011fitim seviyesine g\u00f6re de\u011fi\u015fen miktarda)<\/strong><\/li>\n\n\n\n<li><strong>Sa\u011fl\u0131k sigortas\u0131<\/strong><\/li>\n<\/ul>\n\n\n\n<h2 class=\"wp-block-heading\"><strong>2026 Ba\u015fvuru Takvimi ve Kontenjanlar A\u00e7\u0131kland\u0131<\/strong><\/h2>\n\n\n\n<p>Macaristan H\u00fck\u00fbmeti, T\u00fcrkiye\u2019den ba\u015fvuracak \u00f6\u011frenciler i\u00e7in toplam&nbsp;<strong>200 ki\u015filik kontenjan<\/strong>&nbsp;ay\u0131rd\u0131. Burs seviyelerine g\u00f6re da\u011f\u0131l\u0131m \u015fu \u015fekildedir:<\/p>\n\n\n\n<ul class=\"wp-block-list\">\n<li><strong>55 Lisans Bursu<\/strong><\/li>\n\n\n\n<li><strong>85 Y\u00fcksek Lisans Bursu<\/strong><\/li>\n\n\n\n<li><strong>55 Doktora Bursu<\/strong><\/li>\n\n\n\n<li><strong>5 K\u0131sa D\u00f6nem Ara\u015ft\u0131rma Bursu<\/strong><\/li>\n<\/ul>\n\n\n\n<h3 class=\"wp-block-heading\"><strong>Ba\u015fvuru tarihleri ise \u015fu \u015fekilde duyuruldu:<\/strong><\/h3>\n\n\n\n<ul class=\"wp-block-list\">\n<li><strong>\u0130lk Ba\u015fvuru Tarihi:<\/strong>&nbsp;24 Kas\u0131m 2025 (TS\u0130: 17.00)<\/li>\n\n\n\n<li><strong>Son Ba\u015fvuru Tarihi:<\/strong>&nbsp;15 Ocak 2026 (TS\u0130: 16.00)<\/li>\n<\/ul>\n\n\n\n<h3 class=\"wp-block-heading\"><strong>S\u00f6zl\u00fc S\u0131nav Tarihleri:<\/strong><\/h3>\n\n\n\n<ul class=\"wp-block-list\">\n<li><strong>Macaristan\u2019da Yap\u0131lacak M\u00fclakatlar:<\/strong>&nbsp;26 Ocak \u2013 30 Ocak 2026<\/li>\n\n\n\n<li><strong>Ankara\u2019da Yap\u0131lacak M\u00fclakatlar:<\/strong>&nbsp;2 \u015eubat \u2013 13 \u015eubat 2026<\/li>\n<\/ul>\n","protected":false},"excerpt":{"rendered":"<p>Macaristan\u2019da lisans, y\u00fcksek lisans, doktora veya k\u0131sa d\u00f6nem e\u011fitim almak isteyen T\u00fcrk \u00f6\u011frenciler i\u00e7in \u00f6nemli bir f\u0131rsat sunan&nbsp;Macaristan<\/p>\n","protected":false},"author":3,"featured_media":1025,"comment_status":"open","ping_status":"open","sticky":false,"template":"","format":"standard","meta":{"footnotes":""},"categories":[15],"tags":[],"class_list":["post-1022","post","type-post","status-publish","format-standard","has-post-thumbnail","hentry","category-egitim"],"_links":{"self":[{"href":"https:\/\/diplomatica.tr\/index.php?rest_route=\/wp\/v2\/posts\/1022","targetHints":{"allow":["GET"]}}],"collection":[{"href":"https:\/\/diplomatica.tr\/index.php?rest_route=\/wp\/v2\/posts"}],"about":[{"href":"https:\/\/diplomatica.tr\/index.php?rest_route=\/wp\/v2\/types\/post"}],"author":[{"embeddable":true,"href":"https:\/\/diplomatica.tr\/index.php?rest_route=\/wp\/v2\/users\/3"}],"replies":[{"embeddable":true,"href":"https:\/\/diplomatica.tr\/index.php?rest_route=%2Fwp%2Fv2%2Fcomments&post=1022"}],"version-history":[{"count":3,"href":"https:\/\/diplomatica.tr\/index.php?rest_route=\/wp\/v2\/posts\/1022\/revisions"}],"predecessor-version":[{"id":1027,"href":"https:\/\/diplomatica.tr\/index.php?rest_route=\/wp\/v2\/posts\/1022\/revisions\/1027"}],"wp:featuredmedia":[{"embeddable":true,"href":"https:\/\/diplomatica.tr\/index.php?rest_route=\/wp\/v2\/media\/1025"}],"wp:attachment":[{"href":"https:\/\/diplomatica.tr\/index.php?rest_route=%2Fwp%2Fv2%2Fmedia&parent=1022"}],"wp:term":[{"taxonomy":"category","embeddable":true,"href":"https:\/\/diplomatica.tr\/index.php?rest_route=%2Fwp%2Fv2%2Fcategories&post=1022"},{"taxonomy":"post_tag","embeddable":true,"href":"https:\/\/diplomatica.tr\/index.php?rest_route=%2Fwp%2Fv2%2Ftags&post=1022"}],"curies":[{"name":"wp","href":"https:\/\/api.w.org\/{rel}","templated":true}]}}