{"id":1018,"date":"2025-12-07T23:48:15","date_gmt":"2025-12-07T20:48:15","guid":{"rendered":"https:\/\/diplomatica.tr\/?p=1018"},"modified":"2025-12-07T23:48:20","modified_gmt":"2025-12-07T20:48:20","slug":"macaristan-basbakani-viktor-orban-turkiyede","status":"publish","type":"post","link":"https:\/\/diplomatica.tr\/?p=1018","title":{"rendered":"Macaristan Ba\u015fbakan\u0131 Viktor Orban, T\u00fcrkiye&#8217;de"},"content":{"rendered":"\n<p>Macaristan Ba\u015fbakan\u0131 Viktor Orban, Macaristan Y\u00fcksek D\u00fczeyli Stratejik \u0130\u015fbirli\u011fi Konseyi i\u00e7in T\u00fcrkiye\u2019ye geldi.<\/p>\n\n\n\n<p>Orban\u2019\u0131 \u0130stanbul Havaliman\u0131\u2019nda Ula\u015ft\u0131rma ve Altyap\u0131 Bakan\u0131 Abdulkadir Uralo\u011flu kar\u015f\u0131lad\u0131.<\/p>\n\n\n\n<p>\u0130leti\u015fim Ba\u015fkan\u0131 Burhanettin Duran, Macaristan Ba\u015fbakan\u0131 Viktor Orban&#8217;\u0131n T\u00fcrkiye&#8217;ye ger\u00e7ekle\u015ftirece\u011fi ziyarete ili\u015fkin bir a\u00e7\u0131klama yapm\u0131\u015ft\u0131.<\/p>\n\n\n\n<p>Duran, Macaristan Ba\u015fbakan\u0131 Orban ve beraberindeki \u00fcst d\u00fczey heyetin, Cumhurba\u015fkan\u0131 Recep Tayyip Erdo\u011fan&#8217;\u0131n davetine icabetle, 8 Aral\u0131k 2025 tarihinde T\u00fcrkiye&#8217;ye resmi bir ziyaret ger\u00e7ekle\u015ftirece\u011fini belirtmi\u015fti.<\/p>\n\n\n\n<p>Ziyaretin, T\u00fcrkiye ile Macaristan aras\u0131ndaki Y\u00fcksek D\u00fczeyli Stratejik \u0130\u015fbirli\u011fi Konseyi&#8217;nin 7. Toplant\u0131s\u0131 vesilesiyle yap\u0131laca\u011f\u0131n\u0131 aktaran Duran, temaslarda &#8220;geli\u015ftirilmi\u015f stratejik ortakl\u0131k&#8221; seviyesindeki ili\u015fkilerin t\u00fcm boyutlar\u0131yla de\u011ferlendirilece\u011fini ifade etti.<\/p>\n\n\n\n<p>G\u00f6r\u00fc\u015fmelerde ikili ili\u015fkilerin yan\u0131 s\u0131ra g\u00fcncel b\u00f6lgesel ve k\u00fcresel meseleler hakk\u0131nda da kapsaml\u0131 g\u00f6r\u00fc\u015f al\u0131\u015fveri\u015finde bulunulaca\u011f\u0131 kaydedildi.<\/p>\n\n\n\n<p>Ziyaret kapsam\u0131nda ayr\u0131ca, iki \u00fclke ili\u015fkilerini g\u00fc\u00e7lendirmeye y\u00f6nelik anla\u015fmalar\u0131n imzalanmas\u0131n\u0131n \u00f6ng\u00f6r\u00fcld\u00fc\u011f\u00fc bildirildi.<\/p>\n","protected":false},"excerpt":{"rendered":"<p>Macaristan Ba\u015fbakan\u0131 Viktor Orban, Macaristan Y\u00fcksek D\u00fczeyli Stratejik \u0130\u015fbirli\u011fi Konseyi i\u00e7in T\u00fcrkiye\u2019ye geldi. Orban\u2019\u0131 \u0130stanbul Havaliman\u0131\u2019nda Ula\u015ft\u0131rma ve<\/p>\n","protected":false},"author":1,"featured_media":1020,"comment_status":"open","ping_status":"open","sticky":false,"template":"","format":"standard","meta":{"footnotes":""},"categories":[1],"tags":[80,162,159,333,295,334,278,78,13],"class_list":["post-1018","post","type-post","status-publish","format-standard","has-post-thumbnail","hentry","category-siyaset","tag-erdogan","tag-hungary","tag-macaristan","tag-magyar","tag-orban","tag-torok","tag-turk","tag-turkey","tag-turkiye"],"_links":{"self":[{"href":"https:\/\/diplomatica.tr\/index.php?rest_route=\/wp\/v2\/posts\/1018","targetHints":{"allow":["GET"]}}],"collection":[{"href":"https:\/\/diplomatica.tr\/index.php?rest_route=\/wp\/v2\/posts"}],"about":[{"href":"https:\/\/diplomatica.tr\/index.php?rest_route=\/wp\/v2\/types\/post"}],"author":[{"embeddable":true,"href":"https:\/\/diplomatica.tr\/index.php?rest_route=\/wp\/v2\/users\/1"}],"replies":[{"embeddable":true,"href":"https:\/\/diplomatica.tr\/index.php?rest_route=%2Fwp%2Fv2%2Fcomments&post=1018"}],"version-history":[{"count":1,"href":"https:\/\/diplomatica.tr\/index.php?rest_route=\/wp\/v2\/posts\/1018\/revisions"}],"predecessor-version":[{"id":1021,"href":"https:\/\/diplomatica.tr\/index.php?rest_route=\/wp\/v2\/posts\/1018\/revisions\/1021"}],"wp:featuredmedia":[{"embeddable":true,"href":"https:\/\/diplomatica.tr\/index.php?rest_route=\/wp\/v2\/media\/1020"}],"wp:attachment":[{"href":"https:\/\/diplomatica.tr\/index.php?rest_route=%2Fwp%2Fv2%2Fmedia&parent=1018"}],"wp:term":[{"taxonomy":"category","embeddable":true,"href":"https:\/\/diplomatica.tr\/index.php?rest_route=%2Fwp%2Fv2%2Fcategories&post=1018"},{"taxonomy":"post_tag","embeddable":true,"href":"https:\/\/diplomatica.tr\/index.php?rest_route=%2Fwp%2Fv2%2Ftags&post=1018"}],"curies":[{"name":"wp","href":"https:\/\/api.w.org\/{rel}","templated":true}]}}