{"id":1008,"date":"2025-12-04T23:53:40","date_gmt":"2025-12-04T20:53:40","guid":{"rendered":"https:\/\/diplomatica.tr\/?p=1008"},"modified":"2025-12-04T23:53:45","modified_gmt":"2025-12-04T20:53:45","slug":"son-dakika-4-ulke-eurovisiondan-cekildi","status":"publish","type":"post","link":"https:\/\/diplomatica.tr\/?p=1008","title":{"rendered":"Son Dakika: 4 \u00fclke Eurovision&#8217;dan \u00e7ekildi!"},"content":{"rendered":"\n<p>Avrupa Yay\u0131n Birli\u011fi&#8217;nin (EBU), gelecek y\u0131l d\u00fczenlenecek Eurovision \u015eark\u0131 Yar\u0131\u015fmas\u0131&#8217;na, Gazze&#8217;de ger\u00e7ekle\u015ftirdi\u011fi insanl\u0131k d\u0131\u015f\u0131 faaliyetleriyle \u0130srail&#8217;in kat\u0131l\u0131p kat\u0131lmayaca\u011f\u0131n\u0131n Avrupa Yay\u0131n Birli\u011fi Y\u00f6netim Kurulu&#8217;nda oylanmas\u0131 bekleniyordu.<\/p>\n\n\n\n<p>EBU taraf\u0131ndan al\u0131nan karar uyar\u0131nca \u0130srail&#8217;in 2026 y\u0131l\u0131nda yar\u0131\u015fmaya kat\u0131labilece\u011fi a\u00e7\u0131kland\u0131.<\/p>\n\n\n\n<p>Karar\u0131n hemen ard\u0131ndan \u0130spanya, Hollanda, \u0130rlanda ve Slovenya yar\u0131\u015fmadan \u00e7ekildiklerini duyurdu.<\/p>\n","protected":false},"excerpt":{"rendered":"<p>Avrupa Yay\u0131n Birli\u011fi&#8217;nin (EBU), gelecek y\u0131l d\u00fczenlenecek Eurovision \u015eark\u0131 Yar\u0131\u015fmas\u0131&#8217;na, Gazze&#8217;de ger\u00e7ekle\u015ftirdi\u011fi insanl\u0131k d\u0131\u015f\u0131 faaliyetleriyle \u0130srail&#8217;in kat\u0131l\u0131p kat\u0131lmayaca\u011f\u0131n\u0131n<\/p>\n","protected":false},"author":1,"featured_media":1009,"comment_status":"open","ping_status":"open","sticky":false,"template":"","format":"standard","meta":{"footnotes":""},"categories":[1],"tags":[325,327,326,330,329,106,103,332,331],"class_list":["post-1008","post","type-post","status-publish","format-standard","has-post-thumbnail","hentry","category-siyaset","tag-eurovision","tag-holland","tag-hollanda","tag-ireland","tag-irlanda","tag-israel","tag-israil","tag-slovenia","tag-slovenya"],"_links":{"self":[{"href":"https:\/\/diplomatica.tr\/index.php?rest_route=\/wp\/v2\/posts\/1008","targetHints":{"allow":["GET"]}}],"collection":[{"href":"https:\/\/diplomatica.tr\/index.php?rest_route=\/wp\/v2\/posts"}],"about":[{"href":"https:\/\/diplomatica.tr\/index.php?rest_route=\/wp\/v2\/types\/post"}],"author":[{"embeddable":true,"href":"https:\/\/diplomatica.tr\/index.php?rest_route=\/wp\/v2\/users\/1"}],"replies":[{"embeddable":true,"href":"https:\/\/diplomatica.tr\/index.php?rest_route=%2Fwp%2Fv2%2Fcomments&post=1008"}],"version-history":[{"count":1,"href":"https:\/\/diplomatica.tr\/index.php?rest_route=\/wp\/v2\/posts\/1008\/revisions"}],"predecessor-version":[{"id":1010,"href":"https:\/\/diplomatica.tr\/index.php?rest_route=\/wp\/v2\/posts\/1008\/revisions\/1010"}],"wp:featuredmedia":[{"embeddable":true,"href":"https:\/\/diplomatica.tr\/index.php?rest_route=\/wp\/v2\/media\/1009"}],"wp:attachment":[{"href":"https:\/\/diplomatica.tr\/index.php?rest_route=%2Fwp%2Fv2%2Fmedia&parent=1008"}],"wp:term":[{"taxonomy":"category","embeddable":true,"href":"https:\/\/diplomatica.tr\/index.php?rest_route=%2Fwp%2Fv2%2Fcategories&post=1008"},{"taxonomy":"post_tag","embeddable":true,"href":"https:\/\/diplomatica.tr\/index.php?rest_route=%2Fwp%2Fv2%2Ftags&post=1008"}],"curies":[{"name":"wp","href":"https:\/\/api.w.org\/{rel}","templated":true}]}}